{"id":38337,"date":"2023-10-11T13:36:51","date_gmt":"2023-10-11T13:36:51","guid":{"rendered":"https:\/\/elinformante.mx\/?p=38337"},"modified":"2023-10-11T13:36:52","modified_gmt":"2023-10-11T13:36:52","slug":"abrazos-no-balazos-propone-amlo-para-medio-oriente","status":"publish","type":"post","link":"https:\/\/elinformante.mx\/?p=38337","title":{"rendered":"\u201cABRAZOS, NO BALAZOS\u2019\u2019, PROPONE AMLO PARA MEDIO ORIENTE"},"content":{"rendered":"\n<blockquote class=\"wp-block-quote is-layout-flow wp-block-quote-is-layout-flow\">\n<p><strong>Por Adri\u00e1n Trejo<\/strong><\/p>\n<\/blockquote>\n\n\n\n<p>En el concierto de las naciones, \u00a1c\u00f3mo ha desafinado el Gobierno mexicano!<br><\/p>\n\n\n\n<p>Primero, la negativa a condenar la invasi\u00f3n de Rusia a Ucrania y ahora la negativa a condenar los atentados del grupo terrorista Ham\u00e1s en agravio del pueblo de Israel.<br><\/p>\n\n\n\n<p>Ojo, no se le est\u00e1 pidiendo que condene a Palestina, porque una cosa es el pa\u00eds y otra el grupo terrorista que incluso es enemigo de su propio gobierno.<br><\/p>\n\n\n\n<p>Pero aqu\u00ed ya sabemos que cantinflear es la respuesta a cualquier conflicto b\u00e9lico, nos conformamos con escuchar que el Presidente dice que no tomar\u00e1 partido aunque al no condenar el terrorismo lo est\u00e1 haciendo.<br><\/p>\n\n\n\n<p>\u00bfQuer\u00edan extraditar a Andr\u00e9s Roemer en fast track? \u00bfQuer\u00edan que el gobierno israel\u00ed detuviera a Tom\u00e1s Zer\u00f3n y lo entregara envuelto para regalo, para presumir algo antes del fin del sexenio?<br><\/p>\n\n\n\n<p>Pues el Gobierno mexicano deber\u00e1 esperar sentado.<br><\/p>\n\n\n\n<p>La cr\u00edtica que hizo la embajadora de Israel en M\u00e9xico no solo habla del desencanto por la posici\u00f3n del Gobierno mexicano sino de la frustraci\u00f3n y enojo al no encontrar el respaldo de un pa\u00eds presuntamente amigo.<br><\/p>\n\n\n\n<p>Si con Rusia se justific\u00f3 la parcialidad de L\u00f3pez Obrador a favor del gobierno de Putin considerando que le compramos m\u00e1s del 50% de los fertilizantes que utiliza el campo mexicano y por el regalo de millones de vacunas Sputnik contra el Covid, con Palestina no tenemos ning\u00fan compromiso ni pol\u00edtico ni econ\u00f3mico y mucho menos con el grupo Ham\u00e1s.<br><\/p>\n\n\n\n<p>La pol\u00edtica exterior, esa que dio lustre y renombre a M\u00e9xico, es ahora una mezcla de intereses ideol\u00f3gicos aparentemente sin consecuencias, porque vivimos en una regi\u00f3n sin un conflicto internacional armado (lo de la guerra al narco es otra cosa), pero diplom\u00e1ticamente s\u00ed habr\u00e1 repercusiones.<br><\/p>\n\n\n\n<p>No se trata de condenar al pueblo palestino ni a su naci\u00f3n, sino al grupo terrorista que termin\u00f3 con la paz en Medio Oriente y que, desde el derribo del World Trade Center, en el 2001, no hab\u00eda concitado el repudio mundial unificado.<br><\/p>\n\n\n\n<p>Bueno, casi un\u00e1nime.<\/p>\n","protected":false},"excerpt":{"rendered":"<p>Por Adri\u00e1n Trejo En el concierto de las naciones, \u00a1c\u00f3mo ha desafinado el Gobierno mexicano! Primero, la negativa a condenar la invasi\u00f3n de Rusia a Ucrania y ahora la negativa a condenar los atentados del grupo terrorista Ham\u00e1s en agravio del pueblo de Israel. Ojo, no se le est\u00e1 pidiendo que condene a Palestina, porque [&hellip;]<\/p>\n","protected":false},"author":1,"featured_media":38338,"comment_status":"closed","ping_status":"closed","sticky":false,"template":"","format":"standard","meta":{"footnotes":""},"categories":[32],"tags":[],"class_list":["post-38337","post","type-post","status-publish","format-standard","has-post-thumbnail","hentry","category-editorial"],"_links":{"self":[{"href":"https:\/\/elinformante.mx\/index.php?rest_route=\/wp\/v2\/posts\/38337","targetHints":{"allow":["GET"]}}],"collection":[{"href":"https:\/\/elinformante.mx\/index.php?rest_route=\/wp\/v2\/posts"}],"about":[{"href":"https:\/\/elinformante.mx\/index.php?rest_route=\/wp\/v2\/types\/post"}],"author":[{"embeddable":true,"href":"https:\/\/elinformante.mx\/index.php?rest_route=\/wp\/v2\/users\/1"}],"replies":[{"embeddable":true,"href":"https:\/\/elinformante.mx\/index.php?rest_route=%2Fwp%2Fv2%2Fcomments&post=38337"}],"version-history":[{"count":0,"href":"https:\/\/elinformante.mx\/index.php?rest_route=\/wp\/v2\/posts\/38337\/revisions"}],"wp:featuredmedia":[{"embeddable":true,"href":"https:\/\/elinformante.mx\/index.php?rest_route=\/wp\/v2\/media\/38338"}],"wp:attachment":[{"href":"https:\/\/elinformante.mx\/index.php?rest_route=%2Fwp%2Fv2%2Fmedia&parent=38337"}],"wp:term":[{"taxonomy":"category","embeddable":true,"href":"https:\/\/elinformante.mx\/index.php?rest_route=%2Fwp%2Fv2%2Fcategories&post=38337"},{"taxonomy":"post_tag","embeddable":true,"href":"https:\/\/elinformante.mx\/index.php?rest_route=%2Fwp%2Fv2%2Ftags&post=38337"}],"curies":[{"name":"wp","href":"https:\/\/api.w.org\/{rel}","templated":true}]}}