{"id":38403,"date":"2023-10-12T13:50:44","date_gmt":"2023-10-12T13:50:44","guid":{"rendered":"https:\/\/elinformante.mx\/?p=38403"},"modified":"2023-10-12T13:50:44","modified_gmt":"2023-10-12T13:50:44","slug":"sentencian-a-50-anos-de-prision-a-dos-sujetos-acusados-del-secuestro-de-una-persona-en-toluca","status":"publish","type":"post","link":"https:\/\/elinformante.mx\/?p=38403","title":{"rendered":"Sentencian a 50 a\u00f1os de prisi\u00f3n a dos sujetos acusados del secuestro de una persona en Toluca"},"content":{"rendered":"\n<p class=\"wp-block-paragraph\">El 12 de septiembre de 2017, en complicidad con otro sujeto, privaron de la libertad a una persona a quien llevaron a un inmueble donde la mantuvieron cautiva.<br><\/p>\n\n\n\n<p class=\"wp-block-paragraph\">La Fiscal\u00eda General de Justicia del Estado de M\u00e9xico (FGJEM) obtuvo sentencia de condena de 50 a\u00f1os de prisi\u00f3n para Octavio \u00c1lvarez Esquivel y Mart\u00edn Javier Soriano Becerril, tras quedar acreditada su intervenci\u00f3n en el secuestro de una persona en el municipio de Toluca.<br><\/p>\n\n\n\n<p class=\"wp-block-paragraph\">Este il\u00edcito fue perpetrado el 12 de septiembre de 2017, cuando los ahora sentenciados y otro sujeto privaron de la libertad a la v\u00edctima en calles de la Delegaci\u00f3n Tlacotepec en el municipio de Toluca y la trasladaron a un inmueble de la zona, en donde la mantuvieron cautiva. En tanto que los implicados contactaron a los familiares de esta persona, a quienes exigieron la entrega de una suma econ\u00f3mica a cambio de liberarla.<br><\/p>\n\n\n\n<p class=\"wp-block-paragraph\">Dos d\u00edas despu\u00e9s, el 14 de septiembre de ese a\u00f1o, la v\u00edctima aprovech\u00f3 un descuido de sus captores para huir del sitio. Los hechos referidos fueron denunciados ante el Agente del Ministerio P\u00fablico, quien inici\u00f3 la indagatoria por este secuestro y con el avance en la investigaci\u00f3n fueron identificados y detenidos los responsables de este delito.<br><\/p>\n\n\n\n<p class=\"wp-block-paragraph\">Ambos sujetos fueron ingresados al Centro Penitenciario y de Reinserci\u00f3n Social de Santiaguito en Almoloya de Ju\u00e1rez, donde la Autoridad Judicial, luego de revisar las pruebas recabadas y aportadas por el Representante Social, y tras proceso legal, les dict\u00f3 esta sentencia de condena.<br><\/p>\n\n\n\n<p class=\"wp-block-paragraph\">Adem\u00e1s de la pena privativa de libertad estos sujetos deber\u00e1n pagar multa de 301 mil 960 pesos, la cantidad de 150 mil pesos como reparaci\u00f3n del da\u00f1o material y 260 mil pesos como reparaci\u00f3n del da\u00f1o moral, en tanto sus derechos civiles y pol\u00edticos quedaron suspendidos.<\/p>\n","protected":false},"excerpt":{"rendered":"<p>El 12 de septiembre de 2017, en complicidad con otro sujeto, privaron de la libertad a una persona a quien llevaron a un inmueble donde la mantuvieron cautiva. La Fiscal\u00eda General de Justicia del Estado de M\u00e9xico (FGJEM) obtuvo sentencia de condena de 50 a\u00f1os de prisi\u00f3n para Octavio \u00c1lvarez Esquivel y Mart\u00edn Javier Soriano [&hellip;]<\/p>\n","protected":false},"author":1,"featured_media":38404,"comment_status":"closed","ping_status":"closed","sticky":false,"template":"","format":"standard","meta":{"footnotes":""},"categories":[36,37],"tags":[],"class_list":["post-38403","post","type-post","status-publish","format-standard","has-post-thumbnail","hentry","category-edomex","category-justicia"],"_links":{"self":[{"href":"https:\/\/elinformante.mx\/index.php?rest_route=\/wp\/v2\/posts\/38403","targetHints":{"allow":["GET"]}}],"collection":[{"href":"https:\/\/elinformante.mx\/index.php?rest_route=\/wp\/v2\/posts"}],"about":[{"href":"https:\/\/elinformante.mx\/index.php?rest_route=\/wp\/v2\/types\/post"}],"author":[{"embeddable":true,"href":"https:\/\/elinformante.mx\/index.php?rest_route=\/wp\/v2\/users\/1"}],"replies":[{"embeddable":true,"href":"https:\/\/elinformante.mx\/index.php?rest_route=%2Fwp%2Fv2%2Fcomments&post=38403"}],"version-history":[{"count":0,"href":"https:\/\/elinformante.mx\/index.php?rest_route=\/wp\/v2\/posts\/38403\/revisions"}],"wp:featuredmedia":[{"embeddable":true,"href":"https:\/\/elinformante.mx\/index.php?rest_route=\/wp\/v2\/media\/38404"}],"wp:attachment":[{"href":"https:\/\/elinformante.mx\/index.php?rest_route=%2Fwp%2Fv2%2Fmedia&parent=38403"}],"wp:term":[{"taxonomy":"category","embeddable":true,"href":"https:\/\/elinformante.mx\/index.php?rest_route=%2Fwp%2Fv2%2Fcategories&post=38403"},{"taxonomy":"post_tag","embeddable":true,"href":"https:\/\/elinformante.mx\/index.php?rest_route=%2Fwp%2Fv2%2Ftags&post=38403"}],"curies":[{"name":"wp","href":"https:\/\/api.w.org\/{rel}","templated":true}]}}