{"id":38426,"date":"2023-10-12T14:03:39","date_gmt":"2023-10-12T14:03:39","guid":{"rendered":"https:\/\/elinformante.mx\/?p=38426"},"modified":"2023-10-12T14:03:40","modified_gmt":"2023-10-12T14:03:40","slug":"exigen-pensionados-del-issemym-auditoria-para-que-les-paguen","status":"publish","type":"post","link":"https:\/\/elinformante.mx\/?p=38426","title":{"rendered":"Exigen pensionados del ISSEMyM auditor\u00eda para que les paguen"},"content":{"rendered":"\n<blockquote class=\"wp-block-quote is-layout-flow wp-block-quote-is-layout-flow\">\n<p class=\"wp-block-paragraph\">Piden apoyo de las autoridades del gobierno estatal para que se realice el pago inmediato de las pensiones a quienes decidan jubilarse.<\/p>\n<\/blockquote>\n\n\n\n<p class=\"wp-block-paragraph\">Pensionados y pensionistas del ISSEMyM marcharon la ma\u00f1ana de este mi\u00e9rcoles por calles de la zona centro de Toluca para exigir pagos de jubilaci\u00f3n inmediatos y adem\u00e1s auditor\u00edas reales al instituto.<br><\/p>\n\n\n\n<p class=\"wp-block-paragraph\">Durante su trayecto, los manifestantes exigieron a las autoridades del gobierno estatal el pago inmediato de las pensiones a quienes decidan jubilarse.<br><\/p>\n\n\n\n<p class=\"wp-block-paragraph\">Y es que denunciaron que una vez que deciden jubilarse e inclusive ya cuentan con su dictamen, tardan hasta un a\u00f1o para pagarles lo que por ley les pertenece.<br><\/p>\n\n\n\n<p class=\"wp-block-paragraph\">\u201cLa pensi\u00f3n es un derecho\u201d, \u201cExigimos pago inmediato de pensi\u00f3n, m\u00e1s de un a\u00f1o de espera\u201d, \u201cYa trabajamos m\u00e1s de 30 a\u00f1os, merecemos nuestra pensi\u00f3n como marca la ley\u201d, refer\u00edan algunas pancartas que portaron los manifestantes.<br><\/p>\n\n\n\n<p class=\"wp-block-paragraph\">En sus peticiones, tambi\u00e9n exigieron a la nueva gobernadora estatal que los pagos lleguen a todos los pensionados y que en el transcurso de ese tiempo todos los que se les deba hacer una auditoria, se haga.<br><\/p>\n\n\n\n<figure class=\"wp-block-image size-large\"><img fetchpriority=\"high\" decoding=\"async\" width=\"1024\" height=\"503\" src=\"https:\/\/elinformante.mx\/wp-content\/uploads\/2023\/10\/exigen-pensionados-2-1024x503.jpg\" alt=\"\" class=\"wp-image-38428\" srcset=\"https:\/\/elinformante.mx\/wp-content\/uploads\/2023\/10\/exigen-pensionados-2-1024x503.jpg 1024w, https:\/\/elinformante.mx\/wp-content\/uploads\/2023\/10\/exigen-pensionados-2-300x147.jpg 300w, https:\/\/elinformante.mx\/wp-content\/uploads\/2023\/10\/exigen-pensionados-2-768x377.jpg 768w, https:\/\/elinformante.mx\/wp-content\/uploads\/2023\/10\/exigen-pensionados-2-580x285.jpg 580w, https:\/\/elinformante.mx\/wp-content\/uploads\/2023\/10\/exigen-pensionados-2-860x422.jpg 860w, https:\/\/elinformante.mx\/wp-content\/uploads\/2023\/10\/exigen-pensionados-2.jpg 1140w\" sizes=\"(max-width: 1024px) 100vw, 1024px\" \/><\/figure>\n\n\n\n<p class=\"wp-block-paragraph\">\u201cNo vamos a permitir que hoy no podamos cobrar una pensi\u00f3n porque se robaron el dinero, no sabemos cual sea la situaci\u00f3n. Desde el primer d\u00eda de gobierno ya se debiera hacer la auditoria, pues ni la C\u00e1mara de Diputados ha hecho algo para esclarecer lo que ha sucedido con el ISSEMyM\u201d, expres\u00f3 uno de los quejosos.<br><\/p>\n\n\n\n<p class=\"wp-block-paragraph\">En este sentido hicieron un llamado para que las autoridades correspondientes inicien una auditoria real y de fondo, ya que hasta el momento no se saben las causas de la quiebra financiera que existe en el instituto.<br><\/p>\n\n\n\n<p class=\"wp-block-paragraph\">\u201cEl llamado a este nuevo gobierno es que haga lo que tenga que hacer para buscar a los responsables de los problemas financieros que enfrenta el instituto y no le permite entre otras cosas, pagar en tiempo y forma las pensiones de quienes deciden jubilarse\u201d, a\u00f1adi\u00f3 otro de los manifestantes.<br><\/p>\n\n\n\n<p class=\"wp-block-paragraph\">Asimismo, pidieron que el dinero de este instituto se destine realmente a las necesidades que tiene la poblaci\u00f3n derechohabientes como medicinas y atenci\u00f3n hospitalaria, ya que actualmente existen rezagos hist\u00f3ricos.<br><\/p>\n\n\n\n<p class=\"wp-block-paragraph\">\u201cHay escasez de medicamentos adem\u00e1s de que nos bajaron la calidad, tenemos muy pocos especialistas y la atenci\u00f3n m\u00e9dica deja mucho que desear, lo \u00fanico que pedimos es que haya mejoras en la atenci\u00f3n\u201d, finaliz\u00f3 otro de los manifestantes que marcharon por calles de la zona centro y se plantaron frente a gobierno estatal.<\/p>\n","protected":false},"excerpt":{"rendered":"<p>Piden apoyo de las autoridades del gobierno estatal para que se realice el pago inmediato de las pensiones a quienes decidan jubilarse. Pensionados y pensionistas del ISSEMyM marcharon la ma\u00f1ana de este mi\u00e9rcoles por calles de la zona centro de Toluca para exigir pagos de jubilaci\u00f3n inmediatos y adem\u00e1s auditor\u00edas reales al instituto. Durante su [&hellip;]<\/p>\n","protected":false},"author":1,"featured_media":38427,"comment_status":"closed","ping_status":"closed","sticky":false,"template":"","format":"standard","meta":{"footnotes":""},"categories":[36],"tags":[],"class_list":["post-38426","post","type-post","status-publish","format-standard","has-post-thumbnail","hentry","category-edomex"],"_links":{"self":[{"href":"https:\/\/elinformante.mx\/index.php?rest_route=\/wp\/v2\/posts\/38426","targetHints":{"allow":["GET"]}}],"collection":[{"href":"https:\/\/elinformante.mx\/index.php?rest_route=\/wp\/v2\/posts"}],"about":[{"href":"https:\/\/elinformante.mx\/index.php?rest_route=\/wp\/v2\/types\/post"}],"author":[{"embeddable":true,"href":"https:\/\/elinformante.mx\/index.php?rest_route=\/wp\/v2\/users\/1"}],"replies":[{"embeddable":true,"href":"https:\/\/elinformante.mx\/index.php?rest_route=%2Fwp%2Fv2%2Fcomments&post=38426"}],"version-history":[{"count":0,"href":"https:\/\/elinformante.mx\/index.php?rest_route=\/wp\/v2\/posts\/38426\/revisions"}],"wp:featuredmedia":[{"embeddable":true,"href":"https:\/\/elinformante.mx\/index.php?rest_route=\/wp\/v2\/media\/38427"}],"wp:attachment":[{"href":"https:\/\/elinformante.mx\/index.php?rest_route=%2Fwp%2Fv2%2Fmedia&parent=38426"}],"wp:term":[{"taxonomy":"category","embeddable":true,"href":"https:\/\/elinformante.mx\/index.php?rest_route=%2Fwp%2Fv2%2Fcategories&post=38426"},{"taxonomy":"post_tag","embeddable":true,"href":"https:\/\/elinformante.mx\/index.php?rest_route=%2Fwp%2Fv2%2Ftags&post=38426"}],"curies":[{"name":"wp","href":"https:\/\/api.w.org\/{rel}","templated":true}]}}