{"id":38742,"date":"2023-10-17T11:51:54","date_gmt":"2023-10-17T11:51:54","guid":{"rendered":"https:\/\/elinformante.mx\/?p=38742"},"modified":"2023-10-17T11:51:56","modified_gmt":"2023-10-17T11:51:56","slug":"bernardo-barranco-es-nombrado-nuevo-titular-del-sistema-mexiquense-de-medios-publicos","status":"publish","type":"post","link":"https:\/\/elinformante.mx\/?p=38742","title":{"rendered":"Bernardo Barranco es nombrado nuevo titular del Sistema Mexiquense de Medios P\u00fablicos"},"content":{"rendered":"\n<blockquote class=\"wp-block-quote is-layout-flow wp-block-quote-is-layout-flow\">\n<p class=\"wp-block-paragraph\">Su experiencia en la investigaci\u00f3n y su profundo conocimiento de la sociedad mexicana hacen de \u00e9l un candidato id\u00f3neo para liderar este sistema de medios.<\/p>\n<\/blockquote>\n\n\n\n<p class=\"wp-block-paragraph\">El reconocido escritor, periodista y soci\u00f3logo experto en temas religiosos, Bernardo Barranco Villaf\u00e1n, ha sido designado como el nuevo titular del Sistema Mexiquense de Medios P\u00fablicos.<br><\/p>\n\n\n\n<p class=\"wp-block-paragraph\">Esta decisi\u00f3n fue tomada en el marco del gobierno de Delfina G\u00f3mez \u00c1lvarez, gobernadora del Estado de M\u00e9xico.<br><\/p>\n\n\n\n<p class=\"wp-block-paragraph\">Barranco Villaf\u00e1n, con una destacada trayectoria en el an\u00e1lisis de asuntos religiosos y sociales, asume esta importante responsabilidad con el objetivo de fortalecer la presencia de los medios p\u00fablicos en el Estado de M\u00e9xico.<br><\/p>\n\n\n\n<p class=\"wp-block-paragraph\">Su experiencia en la investigaci\u00f3n y su profundo conocimiento de la sociedad mexicana hacen de \u00e9l un candidato id\u00f3neo para liderar este sistema de medios.<br><\/p>\n\n\n\n<p class=\"wp-block-paragraph\">Este nombramiento ha generado expectativas en la comunidad cultural y period\u00edstica, quienes esperan que bajo su direcci\u00f3n, los medios p\u00fablicos del Estado de M\u00e9xico contin\u00faen promoviendo la diversidad y la calidad en la informaci\u00f3n, as\u00ed como el acceso a contenidos de relevancia para la sociedad.<br><\/p>\n\n\n\n<p class=\"wp-block-paragraph\">El Sistema Mexiquense de Medios P\u00fablicos, que comprende una variedad de plataformas de comunicaci\u00f3n, desempe\u00f1a un papel fundamental en la promoci\u00f3n de la cultura, la educaci\u00f3n y la informaci\u00f3n en la entidad. Con la llegada de Bernardo Barranco, se espera un enfoque renovado y un impulso a la misi\u00f3n de estos medios en beneficio de la ciudadan\u00eda mexiquense.<\/p>\n","protected":false},"excerpt":{"rendered":"<p>Su experiencia en la investigaci\u00f3n y su profundo conocimiento de la sociedad mexicana hacen de \u00e9l un candidato id\u00f3neo para liderar este sistema de medios. El reconocido escritor, periodista y soci\u00f3logo experto en temas religiosos, Bernardo Barranco Villaf\u00e1n, ha sido designado como el nuevo titular del Sistema Mexiquense de Medios P\u00fablicos. Esta decisi\u00f3n fue tomada [&hellip;]<\/p>\n","protected":false},"author":1,"featured_media":38743,"comment_status":"closed","ping_status":"closed","sticky":false,"template":"","format":"standard","meta":{"footnotes":""},"categories":[36],"tags":[],"class_list":["post-38742","post","type-post","status-publish","format-standard","has-post-thumbnail","hentry","category-edomex"],"_links":{"self":[{"href":"https:\/\/elinformante.mx\/index.php?rest_route=\/wp\/v2\/posts\/38742","targetHints":{"allow":["GET"]}}],"collection":[{"href":"https:\/\/elinformante.mx\/index.php?rest_route=\/wp\/v2\/posts"}],"about":[{"href":"https:\/\/elinformante.mx\/index.php?rest_route=\/wp\/v2\/types\/post"}],"author":[{"embeddable":true,"href":"https:\/\/elinformante.mx\/index.php?rest_route=\/wp\/v2\/users\/1"}],"replies":[{"embeddable":true,"href":"https:\/\/elinformante.mx\/index.php?rest_route=%2Fwp%2Fv2%2Fcomments&post=38742"}],"version-history":[{"count":0,"href":"https:\/\/elinformante.mx\/index.php?rest_route=\/wp\/v2\/posts\/38742\/revisions"}],"wp:featuredmedia":[{"embeddable":true,"href":"https:\/\/elinformante.mx\/index.php?rest_route=\/wp\/v2\/media\/38743"}],"wp:attachment":[{"href":"https:\/\/elinformante.mx\/index.php?rest_route=%2Fwp%2Fv2%2Fmedia&parent=38742"}],"wp:term":[{"taxonomy":"category","embeddable":true,"href":"https:\/\/elinformante.mx\/index.php?rest_route=%2Fwp%2Fv2%2Fcategories&post=38742"},{"taxonomy":"post_tag","embeddable":true,"href":"https:\/\/elinformante.mx\/index.php?rest_route=%2Fwp%2Fv2%2Ftags&post=38742"}],"curies":[{"name":"wp","href":"https:\/\/api.w.org\/{rel}","templated":true}]}}