{"id":38777,"date":"2023-10-17T12:16:53","date_gmt":"2023-10-17T12:16:53","guid":{"rendered":"https:\/\/elinformante.mx\/?p=38777"},"modified":"2023-10-17T12:16:54","modified_gmt":"2023-10-17T12:16:54","slug":"intendentes-en-sistema-de-salud-de-hidalgo-contemplados-en-proyectos-julio-menchaca","status":"publish","type":"post","link":"https:\/\/elinformante.mx\/?p=38777","title":{"rendered":"Intendentes en sistema de salud de Hidalgo contemplados en proyectos: Julio Menchaca"},"content":{"rendered":"\n<blockquote class=\"wp-block-quote is-layout-flow wp-block-quote-is-layout-flow\">\n<p class=\"wp-block-paragraph\">Hace un par de d\u00edas hubo una manifestaci\u00f3n por parte de estos debido a la falta de pagos.<\/p>\n<\/blockquote>\n\n\n\n<p class=\"wp-block-paragraph\">El gobernador del estado, Julio Menchaca Salazar, dijo tener conocimiento de las situaciones a las que se enfrentan las personas de limpieza que laboran en los hospitales del estado, por lo que, entablar\u00e1 una pl\u00e1tica con los due\u00f1os de las empresas que los contratan para asegurar una oferta de trabajo digna.<br><\/p>\n\n\n\n<p class=\"wp-block-paragraph\">El pasado 3 de octubre, al menos medio centenar de trabajadores de la empresa Tecnolog\u00eda en Sistemas de Limpieza Metropolitanos (TSLM), que a su vez le trabaja al Hospital General de Tulancingo (HGT), se manifestaron sobre la carretera M\u00e9xico &#8211; Tuxpan, espec\u00edficamente afuera de su centro de trabajo en exigencia del pago de sus servicios. Bloquearon el paso de los veh\u00edculos con llantas y piedras.<br><\/p>\n\n\n\n<p class=\"wp-block-paragraph\">Ante esta situaci\u00f3n, la directora del hospital, atendi\u00f3 de manera personal sus peticiones e inquietudes del personal subcontratado quien manifest\u00f3 su preocupaci\u00f3n y solicitud de pago. Por lo que se acord\u00f3 la gesti\u00f3n ante la Direcci\u00f3n de Recursos Materiales y Administraci\u00f3n Patrimonial del nosocomio, para adquirir el compromiso de pago, adem\u00e1s de buscar a trav\u00e9s de la intervenci\u00f3n de conciliaci\u00f3n y arbitraje, as\u00ed como el \u00e1rea de gobernaci\u00f3n, que la empresa reconozca el pago de concepto de vacaciones y otros adeudos.<br><\/p>\n\n\n\n<p class=\"wp-block-paragraph\">Al respecto, el gobernador del estado dijo lo siguiente \u201cal menos en Tulancingo la informaci\u00f3n que tengo es que cambiaron a la empresa, y m\u00e1s que evitar el pago de impuestos es por una atenci\u00f3n pr\u00e1ctica para las personas\u201d.<br><\/p>\n\n\n\n<p class=\"wp-block-paragraph\">Inform\u00f3 que, esta situaci\u00f3n es uno de los temas que est\u00e1 tratando en el convenio que se realiz\u00f3 con el IMSS Bienestar, porque parte importante de la infraestructura del sistema de salud de hospitales y centros de salud va a formar parte de este sistema.<br><\/p>\n\n\n\n<p class=\"wp-block-paragraph\">\u201cEstuvimos hace unos d\u00edas con el presidente de la rep\u00fablica y va a ser toda una transformaci\u00f3n\u201d, concluy\u00f3.<\/p>\n","protected":false},"excerpt":{"rendered":"<p>Hace un par de d\u00edas hubo una manifestaci\u00f3n por parte de estos debido a la falta de pagos. El gobernador del estado, Julio Menchaca Salazar, dijo tener conocimiento de las situaciones a las que se enfrentan las personas de limpieza que laboran en los hospitales del estado, por lo que, entablar\u00e1 una pl\u00e1tica con los [&hellip;]<\/p>\n","protected":false},"author":1,"featured_media":38778,"comment_status":"closed","ping_status":"closed","sticky":false,"template":"","format":"standard","meta":{"footnotes":""},"categories":[34],"tags":[],"class_list":["post-38777","post","type-post","status-publish","format-standard","has-post-thumbnail","hentry","category-nacional"],"_links":{"self":[{"href":"https:\/\/elinformante.mx\/index.php?rest_route=\/wp\/v2\/posts\/38777","targetHints":{"allow":["GET"]}}],"collection":[{"href":"https:\/\/elinformante.mx\/index.php?rest_route=\/wp\/v2\/posts"}],"about":[{"href":"https:\/\/elinformante.mx\/index.php?rest_route=\/wp\/v2\/types\/post"}],"author":[{"embeddable":true,"href":"https:\/\/elinformante.mx\/index.php?rest_route=\/wp\/v2\/users\/1"}],"replies":[{"embeddable":true,"href":"https:\/\/elinformante.mx\/index.php?rest_route=%2Fwp%2Fv2%2Fcomments&post=38777"}],"version-history":[{"count":0,"href":"https:\/\/elinformante.mx\/index.php?rest_route=\/wp\/v2\/posts\/38777\/revisions"}],"wp:featuredmedia":[{"embeddable":true,"href":"https:\/\/elinformante.mx\/index.php?rest_route=\/wp\/v2\/media\/38778"}],"wp:attachment":[{"href":"https:\/\/elinformante.mx\/index.php?rest_route=%2Fwp%2Fv2%2Fmedia&parent=38777"}],"wp:term":[{"taxonomy":"category","embeddable":true,"href":"https:\/\/elinformante.mx\/index.php?rest_route=%2Fwp%2Fv2%2Fcategories&post=38777"},{"taxonomy":"post_tag","embeddable":true,"href":"https:\/\/elinformante.mx\/index.php?rest_route=%2Fwp%2Fv2%2Ftags&post=38777"}],"curies":[{"name":"wp","href":"https:\/\/api.w.org\/{rel}","templated":true}]}}