{"id":38793,"date":"2023-10-17T12:24:59","date_gmt":"2023-10-17T12:24:59","guid":{"rendered":"https:\/\/elinformante.mx\/?p=38793"},"modified":"2023-10-17T12:25:00","modified_gmt":"2023-10-17T12:25:00","slug":"los-fideicomisos","status":"publish","type":"post","link":"https:\/\/elinformante.mx\/?p=38793","title":{"rendered":"LOS FIDEICOMISOS"},"content":{"rendered":"\n<blockquote class=\"wp-block-quote is-layout-flow wp-block-quote-is-layout-flow\">\n<p class=\"wp-block-paragraph\"><strong>Por Luis Pinal Da Silva<\/strong><\/p>\n<\/blockquote>\n\n\n\n<p class=\"wp-block-paragraph\">Hay un argumento que esgrime el presidente de M\u00e9xico para llevar a cabo lo que \u00e9l llama \u201csus transformaciones\u201d: la pol\u00edtica de austeridad.<br><\/p>\n\n\n\n<p class=\"wp-block-paragraph\">Bajo esta premisa pretende eliminar 14 de 15 fondos y fideicomisos operados por el Poder Judicial y que, supuestamente, dar\u00e1n 15 mil 500 millones de pesos, extras, al gobierno de M\u00e9xico.<br><\/p>\n\n\n\n<p class=\"wp-block-paragraph\">L\u00f3pez Obrador ha dicho que tales fideicomisos los titulares de la Suprema Corte de Justicia de la Naci\u00f3n, del Consejo de la Judicatura y del Tribunal Electoral del Poder Judicial de la Federaci\u00f3n, los tienen para solventar \u201cprivilegios\u201d de jueces y magistrados.<br><\/p>\n\n\n\n<p class=\"wp-block-paragraph\">Pero, parece no querer entender y mucho menos aceptar, que \u00e9stos tambi\u00e9n son otros datos porque estos recursos se tienen contemplados para prestaciones conquistadas por los trabajadores del Poder Judicial.<br><\/p>\n\n\n\n<p class=\"wp-block-paragraph\">El argumento del mandatario es que estos fondos no son legales, salvo uno que tiene que ver con el Apoyo a la Administraci\u00f3n de la Justicia, por lo que ese no ser\u00e1 eliminado.<br><\/p>\n\n\n\n<p class=\"wp-block-paragraph\">Sin embargo, la lucha por los fideicomisos no s\u00f3lo es por el dinero que, si es mal utilizado, podr\u00eda terminar financiando las campa\u00f1as oficialistas; tambi\u00e9n se trata de una lucha de poder.<br><\/p>\n\n\n\n<p class=\"wp-block-paragraph\">El Presidente ha emprendido una cr\u00edtica permanente en contra del Poder Judicial que ha decidido declarar inconstitucionales diversas reformas propuestas por el Ejecutivo como el denominado Plan B de la reforma electoral, que pretend\u00eda poner fin a los fideicomisos y reducir los salarios pero del INE y el famoso decretazo que proteg\u00eda a obras y proyectos insignia, entre otros.<br><\/p>\n\n\n\n<p class=\"wp-block-paragraph\">L\u00f3pez Obrador no ha logrado tener una mayor\u00eda en la Corte que le permita cambiar las leyes a su antojo, aun violando la constituci\u00f3n, de ah\u00ed que no tenga una buena relaci\u00f3n con el Poder Judicial y amenace con quitarle recursos y con hacer una reforma profunda.<br><\/p>\n\n\n\n<p class=\"wp-block-paragraph\">En este escenario, la ministra presidenta, Norma Pi\u00f1a ha decidido guardar silencio sabiendo que el tema tendr\u00e1 que ser resuelto por la Sala Superior ante la acci\u00f3n de inconstitucionalidad y los amparos que ya se prev\u00e9n en caso de que la mayor\u00eda de Morena lo apruebe; por lo que tiene la confianza de que no se har\u00e1 realidad la desaparici\u00f3n de los fondos y fideicomisos.<br><\/p>\n\n\n\n<p class=\"wp-block-paragraph\">Al menos no de aqu\u00ed a diciembre de 2024, cuando se elijan a dos nuevos ministros en sustituci\u00f3n de Arturo Zald\u00edvar y Luis Mar\u00eda Aguilar, quienes concluir\u00e1n su periodo el pr\u00f3ximo a\u00f1o y que, en caso de que la 4T se mantenga en el poder, es muy probable que la sustituci\u00f3n le d\u00e9 la mayor\u00eda que no pudo tener L\u00f3pez Obrador en ese poder; aunque claro, primero habr\u00e1 que ver qui\u00e9n gana la presidencia y la mayor\u00eda en el Congreso.<br><\/p>\n\n\n\n<p class=\"wp-block-paragraph\">Por ello, la lucha entre el Ejecutivo, la mayor\u00eda morenista en el Legislativo y el Poder Judicial, tiene que ver con el poder y la medici\u00f3n de fuerzas, aunque esto repercuta en el bolsillo de los trabajadores.<br><\/p>\n\n\n\n<p class=\"wp-block-paragraph\">Por lo pronto, iniciaron una serie de protestas de esos que, asegura L\u00f3pez Obrador, no ser\u00e1n afectados por los recortes. Quiz\u00e1 tengan otros datos.<\/p>\n","protected":false},"excerpt":{"rendered":"<p>Por Luis Pinal Da Silva Hay un argumento que esgrime el presidente de M\u00e9xico para llevar a cabo lo que \u00e9l llama \u201csus transformaciones\u201d: la pol\u00edtica de austeridad. Bajo esta premisa pretende eliminar 14 de 15 fondos y fideicomisos operados por el Poder Judicial y que, supuestamente, dar\u00e1n 15 mil 500 millones de pesos, extras, [&hellip;]<\/p>\n","protected":false},"author":1,"featured_media":38794,"comment_status":"closed","ping_status":"closed","sticky":false,"template":"","format":"standard","meta":{"footnotes":""},"categories":[32],"tags":[],"class_list":["post-38793","post","type-post","status-publish","format-standard","has-post-thumbnail","hentry","category-editorial"],"_links":{"self":[{"href":"https:\/\/elinformante.mx\/index.php?rest_route=\/wp\/v2\/posts\/38793","targetHints":{"allow":["GET"]}}],"collection":[{"href":"https:\/\/elinformante.mx\/index.php?rest_route=\/wp\/v2\/posts"}],"about":[{"href":"https:\/\/elinformante.mx\/index.php?rest_route=\/wp\/v2\/types\/post"}],"author":[{"embeddable":true,"href":"https:\/\/elinformante.mx\/index.php?rest_route=\/wp\/v2\/users\/1"}],"replies":[{"embeddable":true,"href":"https:\/\/elinformante.mx\/index.php?rest_route=%2Fwp%2Fv2%2Fcomments&post=38793"}],"version-history":[{"count":0,"href":"https:\/\/elinformante.mx\/index.php?rest_route=\/wp\/v2\/posts\/38793\/revisions"}],"wp:featuredmedia":[{"embeddable":true,"href":"https:\/\/elinformante.mx\/index.php?rest_route=\/wp\/v2\/media\/38794"}],"wp:attachment":[{"href":"https:\/\/elinformante.mx\/index.php?rest_route=%2Fwp%2Fv2%2Fmedia&parent=38793"}],"wp:term":[{"taxonomy":"category","embeddable":true,"href":"https:\/\/elinformante.mx\/index.php?rest_route=%2Fwp%2Fv2%2Fcategories&post=38793"},{"taxonomy":"post_tag","embeddable":true,"href":"https:\/\/elinformante.mx\/index.php?rest_route=%2Fwp%2Fv2%2Ftags&post=38793"}],"curies":[{"name":"wp","href":"https:\/\/api.w.org\/{rel}","templated":true}]}}