{"id":38799,"date":"2023-10-17T12:32:15","date_gmt":"2023-10-17T12:32:15","guid":{"rendered":"https:\/\/elinformante.mx\/?p=38799"},"modified":"2023-10-17T12:32:16","modified_gmt":"2023-10-17T12:32:16","slug":"edomex-firma-decalogo-para-atender-el-maltrato-animal","status":"publish","type":"post","link":"https:\/\/elinformante.mx\/?p=38799","title":{"rendered":"Edom\u00e9x firma dec\u00e1logo para atender el maltrato animal"},"content":{"rendered":"\n<blockquote class=\"wp-block-quote is-layout-flow wp-block-quote-is-layout-flow\">\n<p class=\"wp-block-paragraph\">La gobernadora Delfina G\u00f3mez advirti\u00f3 que debe erradicarse debido a que es un acto de crueldad que coincide con el abuso infantil y dom\u00e9stico as\u00ed como otras formas de violencia.<\/p>\n<\/blockquote>\n\n\n\n<p class=\"wp-block-paragraph\">La gobernadora del Estado de M\u00e9xico, Delfina G\u00f3mez \u00c1lvarez y la Secretar\u00eda de Seguridad y Protecci\u00f3n Ciudadana, Rosa Icela Rodr\u00edguez presentaron y firmaron el Dec\u00e1logo de acciones para la atenci\u00f3n del Maltrato Animal en el Edom\u00e9x, como estrategia para prevenir el delito en sus distintas modalidades.<br><\/p>\n\n\n\n<p class=\"wp-block-paragraph\">El Estado de M\u00e9xico es la primera entidad en integrarse a este esfuerzo de prevenci\u00f3n planteado desde la federaci\u00f3n, tras hacer estudios que revelan la relaci\u00f3n que existe entre la forma de actuar de los abusadores y la incidencia de actos violentos, tanto en la familia como a la propiedad.<br><\/p>\n\n\n\n<p class=\"wp-block-paragraph\">Reunidos en el municipio de San Mart\u00edn de las Pir\u00e1mides, la titular del Secretariado Ejecutivo de Seguridad P\u00fablica (SNSP), Clara Luz G\u00f3mez Hern\u00e1ndez, expuso la necesidad de concientizar a los gobiernos estatales y municipales para atender el maltrato animal.<br><\/p>\n\n\n\n<figure class=\"wp-block-image size-large\"><img fetchpriority=\"high\" decoding=\"async\" width=\"1024\" height=\"503\" src=\"https:\/\/elinformante.mx\/wp-content\/uploads\/2023\/10\/EDOMEX-FIRMA-2-1024x503.jpg\" alt=\"\" class=\"wp-image-38801\" srcset=\"https:\/\/elinformante.mx\/wp-content\/uploads\/2023\/10\/EDOMEX-FIRMA-2-1024x503.jpg 1024w, https:\/\/elinformante.mx\/wp-content\/uploads\/2023\/10\/EDOMEX-FIRMA-2-300x147.jpg 300w, https:\/\/elinformante.mx\/wp-content\/uploads\/2023\/10\/EDOMEX-FIRMA-2-768x377.jpg 768w, https:\/\/elinformante.mx\/wp-content\/uploads\/2023\/10\/EDOMEX-FIRMA-2-580x285.jpg 580w, https:\/\/elinformante.mx\/wp-content\/uploads\/2023\/10\/EDOMEX-FIRMA-2-860x422.jpg 860w, https:\/\/elinformante.mx\/wp-content\/uploads\/2023\/10\/EDOMEX-FIRMA-2.jpg 1140w\" sizes=\"(max-width: 1024px) 100vw, 1024px\" \/><\/figure>\n\n\n\n<p class=\"wp-block-paragraph\">Como contexto destac\u00f3 que quienes maltratan a los animales, tienen cinco veces m\u00e1s probabilidades de cometer delitos violentos contra personas y cuatro veces m\u00e1s de cometer delito contra la propiedad y tres veces m\u00e1s probabilidades de tener antecedentes por delitos relacionados con drogas o alteraci\u00f3n de orden p\u00fablico.<br><\/p>\n\n\n\n<p class=\"wp-block-paragraph\">Los datos del Secretariado revelaron que donde hay violencia familiar o abuso a ni\u00f1os o ni\u00f1as, la incidencia crueldad animal fue el 90 por ciento; adem\u00e1s de que crueldad hacia los animales comienza en la primera infancia.<br><\/p>\n\n\n\n<p class=\"wp-block-paragraph\">Otro dato es que las peleas de animales se relacionan con delitos de pandillas, de armas de tr\u00e1fico, de personas, de juegos de azar o de narc\u00f3ticos.<br><\/p>\n\n\n\n<figure class=\"wp-block-image size-large\"><img decoding=\"async\" width=\"1024\" height=\"503\" src=\"https:\/\/elinformante.mx\/wp-content\/uploads\/2023\/10\/EDOMEX-FIRMA-3-1024x503.jpg\" alt=\"\" class=\"wp-image-38802\" srcset=\"https:\/\/elinformante.mx\/wp-content\/uploads\/2023\/10\/EDOMEX-FIRMA-3-1024x503.jpg 1024w, https:\/\/elinformante.mx\/wp-content\/uploads\/2023\/10\/EDOMEX-FIRMA-3-300x147.jpg 300w, https:\/\/elinformante.mx\/wp-content\/uploads\/2023\/10\/EDOMEX-FIRMA-3-768x377.jpg 768w, https:\/\/elinformante.mx\/wp-content\/uploads\/2023\/10\/EDOMEX-FIRMA-3-580x285.jpg 580w, https:\/\/elinformante.mx\/wp-content\/uploads\/2023\/10\/EDOMEX-FIRMA-3-860x422.jpg 860w, https:\/\/elinformante.mx\/wp-content\/uploads\/2023\/10\/EDOMEX-FIRMA-3.jpg 1140w\" sizes=\"(max-width: 1024px) 100vw, 1024px\" \/><\/figure>\n\n\n\n<p class=\"wp-block-paragraph\">La gobernadora, Delfina G\u00f3mez \u00c1lvarez, indic\u00f3 que al incorporar la prevenci\u00f3n del maltrato animal en las pol\u00edticas de seguridad se est\u00e1 enviando un mensaje contundente en el Estado de M\u00e9xico, de que todas las vidas importan, todos los seres son valiosos y merecen ser tratados con respeto y dignidad.<br><\/p>\n\n\n\n<p class=\"wp-block-paragraph\">Datos del INEGI indican que el 68 por ciento de los hogares en M\u00e9xico tiene mascotas y en ellos se concentran 80 millones de animales de compa\u00f1\u00eda como perros y gatos, principalmente.<br><\/p>\n\n\n\n<p class=\"wp-block-paragraph\">Las estad\u00edsticas estiman que siete de cada 10 animales padecen alg\u00fan tipo de maltrato.<br><\/p>\n\n\n\n<figure class=\"wp-block-image size-large\"><img decoding=\"async\" width=\"1024\" height=\"503\" src=\"https:\/\/elinformante.mx\/wp-content\/uploads\/2023\/10\/EDOMEX-FIRMA-1024x503.jpg\" alt=\"\" class=\"wp-image-38803\" srcset=\"https:\/\/elinformante.mx\/wp-content\/uploads\/2023\/10\/EDOMEX-FIRMA-1024x503.jpg 1024w, https:\/\/elinformante.mx\/wp-content\/uploads\/2023\/10\/EDOMEX-FIRMA-300x147.jpg 300w, https:\/\/elinformante.mx\/wp-content\/uploads\/2023\/10\/EDOMEX-FIRMA-768x377.jpg 768w, https:\/\/elinformante.mx\/wp-content\/uploads\/2023\/10\/EDOMEX-FIRMA-580x285.jpg 580w, https:\/\/elinformante.mx\/wp-content\/uploads\/2023\/10\/EDOMEX-FIRMA-860x422.jpg 860w, https:\/\/elinformante.mx\/wp-content\/uploads\/2023\/10\/EDOMEX-FIRMA.jpg 1140w\" sizes=\"(max-width: 1024px) 100vw, 1024px\" \/><\/figure>\n\n\n\n<p class=\"wp-block-paragraph\">El dec\u00e1logo presentado consiste en las siguientes 10 acciones:<\/p>\n\n\n\n<ul class=\"wp-block-list\">\n<li>Realizar un foro de maltrato animal para la concientizaci\u00f3n<\/li>\n\n\n\n<li>Organizar di\u00e1logos dirigidos a los ni\u00f1os, ni\u00f1as y adolescentes en escuelas de todos los niveles en colaboraci\u00f3n con diversas instancias a niveles estatales y municipales para la concientizaci\u00f3n.<\/li>\n\n\n\n<li>Capacitar a maestros para identificar casos relevantes de maltrato animal entres ni\u00f1as, ni\u00f1os y adolescentes en colaboraci\u00f3n tambi\u00e9n con estas instancias.<\/li>\n\n\n\n<li>Capacitar a los primeros respondientes para considerar casos de maltrato animal como potenciales detonantes de otros delitos.<\/li>\n\n\n\n<li>Prohibir e inhibir en el municipio y en el Estado que los menores asistan a actos que implican violencia contra los animales.<\/li>\n\n\n\n<li>Retomar reglamentos municipales para incluir el maltrato animal como falta administrativa grave que no admita multa o arresto con independencia de justicia c\u00edvica implementada.<\/li>\n\n\n\n<li>Implementar una c\u00e9lula de atenci\u00f3n policial para atender los reportes de violencia animal.<\/li>\n\n\n\n<li>Incluir a los animales de compa\u00f1\u00eda en las \u00f3rdenes de protecci\u00f3n y de alojamiento.<\/li>\n\n\n\n<li>Impulsar reformas en las leyes estatales y reglamentos municipales en materia de maltrato animal.<\/li>\n\n\n\n<li>Crear dentro del municipio y dentro del estado una instancia que se dedique a la atenci\u00f3n de maltrato animal.<\/li>\n<\/ul>\n","protected":false},"excerpt":{"rendered":"<p>La gobernadora Delfina G\u00f3mez advirti\u00f3 que debe erradicarse debido a que es un acto de crueldad que coincide con el abuso infantil y dom\u00e9stico as\u00ed como otras formas de violencia. La gobernadora del Estado de M\u00e9xico, Delfina G\u00f3mez \u00c1lvarez y la Secretar\u00eda de Seguridad y Protecci\u00f3n Ciudadana, Rosa Icela Rodr\u00edguez presentaron y firmaron el Dec\u00e1logo [&hellip;]<\/p>\n","protected":false},"author":1,"featured_media":38800,"comment_status":"closed","ping_status":"closed","sticky":false,"template":"","format":"standard","meta":{"footnotes":""},"categories":[30,31],"tags":[],"class_list":["post-38799","post","type-post","status-publish","format-standard","has-post-thumbnail","hentry","category-destacado","category-portada"],"_links":{"self":[{"href":"https:\/\/elinformante.mx\/index.php?rest_route=\/wp\/v2\/posts\/38799","targetHints":{"allow":["GET"]}}],"collection":[{"href":"https:\/\/elinformante.mx\/index.php?rest_route=\/wp\/v2\/posts"}],"about":[{"href":"https:\/\/elinformante.mx\/index.php?rest_route=\/wp\/v2\/types\/post"}],"author":[{"embeddable":true,"href":"https:\/\/elinformante.mx\/index.php?rest_route=\/wp\/v2\/users\/1"}],"replies":[{"embeddable":true,"href":"https:\/\/elinformante.mx\/index.php?rest_route=%2Fwp%2Fv2%2Fcomments&post=38799"}],"version-history":[{"count":0,"href":"https:\/\/elinformante.mx\/index.php?rest_route=\/wp\/v2\/posts\/38799\/revisions"}],"wp:featuredmedia":[{"embeddable":true,"href":"https:\/\/elinformante.mx\/index.php?rest_route=\/wp\/v2\/media\/38800"}],"wp:attachment":[{"href":"https:\/\/elinformante.mx\/index.php?rest_route=%2Fwp%2Fv2%2Fmedia&parent=38799"}],"wp:term":[{"taxonomy":"category","embeddable":true,"href":"https:\/\/elinformante.mx\/index.php?rest_route=%2Fwp%2Fv2%2Fcategories&post=38799"},{"taxonomy":"post_tag","embeddable":true,"href":"https:\/\/elinformante.mx\/index.php?rest_route=%2Fwp%2Fv2%2Ftags&post=38799"}],"curies":[{"name":"wp","href":"https:\/\/api.w.org\/{rel}","templated":true}]}}