{"id":39527,"date":"2023-10-26T14:01:01","date_gmt":"2023-10-26T14:01:01","guid":{"rendered":"https:\/\/elinformante.mx\/?p=39527"},"modified":"2023-10-26T14:01:02","modified_gmt":"2023-10-26T14:01:02","slug":"habra-operativo-contra-robo-a-transporte-de-carga-en-edomex","status":"publish","type":"post","link":"https:\/\/elinformante.mx\/?p=39527","title":{"rendered":"Habr\u00e1 operativo contra robo a transporte de carga en Edom\u00e9x"},"content":{"rendered":"\n<blockquote class=\"wp-block-quote is-layout-flow wp-block-quote-is-layout-flow\">\n<p>La meta es establecer una estrategia definitiva y contundente que permita a los transportistas circular con la seguridad debida.<\/p>\n<\/blockquote>\n\n\n\n<p>Autoridades se unen para garantizar la integridad de transportistas y reducir p\u00e9rdidas.<br><\/p>\n\n\n\n<p>Las secretar\u00edas de Desarrollo Econ\u00f3mico y de Seguridad en el Estado de M\u00e9xico, pondr\u00e1n en marcha un operativo de seguridad que abarque toda la entidad, pero que se enfoque en zonas y municipios prioritarios, anunci\u00f3 Laura Gonz\u00e1lez, Secretaria de de Desarrollo Econ\u00f3mico.<br><\/p>\n\n\n\n<p>El operativo, dijo la funcionaria, debe estar operando desde la pr\u00f3xima semana en que inician las celebraciones por el D\u00eda de Muertos, toda vez que ha sido llamado constantemente por parte del sector privado.<br><\/p>\n\n\n\n<p>Se\u00f1al\u00f3 que la pauta del operativo la dar\u00e1 la Secretar\u00eda de Seguridad, pero confi\u00f3 en que deber\u00e1n coordinarse los tres \u00f3rdenes de gobierno si as\u00ed es necesario, especialmente en zonas donde hay conflictos y pedir\u00e1n que sea p\u00fablica la estrategia porque es un tema importante.<br><\/p>\n\n\n\n<p>\u201cEs una prioridad la seguridad y la presencia policial coordinada en todo el estado. Es lo que vamos a solicitar. No puedo decir que es un hecho, pero parece que vamos a dar una conferencia de prensa en los pr\u00f3ximos d\u00edas para que se diga c\u00f3mo se har\u00e1\u201d.<br><\/p>\n\n\n\n<figure class=\"wp-block-image size-large\"><img fetchpriority=\"high\" decoding=\"async\" width=\"1024\" height=\"503\" src=\"https:\/\/elinformante.mx\/wp-content\/uploads\/2023\/10\/HABRA-OPERATIVO-1024x503.jpg\" alt=\"\" class=\"wp-image-39529\" srcset=\"https:\/\/elinformante.mx\/wp-content\/uploads\/2023\/10\/HABRA-OPERATIVO-1024x503.jpg 1024w, https:\/\/elinformante.mx\/wp-content\/uploads\/2023\/10\/HABRA-OPERATIVO-300x147.jpg 300w, https:\/\/elinformante.mx\/wp-content\/uploads\/2023\/10\/HABRA-OPERATIVO-768x377.jpg 768w, https:\/\/elinformante.mx\/wp-content\/uploads\/2023\/10\/HABRA-OPERATIVO-580x285.jpg 580w, https:\/\/elinformante.mx\/wp-content\/uploads\/2023\/10\/HABRA-OPERATIVO-860x422.jpg 860w, https:\/\/elinformante.mx\/wp-content\/uploads\/2023\/10\/HABRA-OPERATIVO.jpg 1140w\" sizes=\"(max-width: 1024px) 100vw, 1024px\" \/><\/figure>\n\n\n\n<p>En entrevista, dijo que la meta es establecer una estrategia definitiva y contundente que permita a los transportistas circular con la seguridad debida:<br><\/p>\n\n\n\n<p>\u201cVamos a solicitar un operativo durante todo el fin de a\u00f1o, porque ya se acerca el Buen Fin, pero tambi\u00e9n inicia una din\u00e1mica econ\u00f3mica, lo que amerita mayor presencia de seguridad p\u00fablica coordinada.\u201d<br><\/p>\n\n\n\n<p>Explic\u00f3 que las zonas prioritarias son las carreteras, en principio el Arco Norte, el Circuito Exterior Mexiquense, la carretera federal 57 y las principales vialidades que atraviesan la entidad, especialmente los municipios m\u00e1s representativos.<br><\/p>\n\n\n\n<p>Mientras que las regiones con mayor actividad comercial son el Valle de Toluca, la zona comercial desde Huixquilucan hasta Naucalpan y Tlalnepantla, y la regi\u00f3n oriente, donde m\u00e1s se concentra el dinamismo econ\u00f3mico, sobre todo por el tr\u00e1nsito de consumidores.<br><\/p>\n\n\n\n<p>Aunque no se refiri\u00f3 a cu\u00e1nto ascienden las p\u00e9rdidas por el robo de transporte de carga, es un tema prioritario que tienen instrucci\u00f3n de abordar, as\u00ed como cualquier otro delito que atente contra el patrimonio de las personas o de los empresarios:<br><\/p>\n\n\n\n<p>\u201cSi hacemos una valoraci\u00f3n en general, es el que tiene mayor impacto, precisamente porque es el transporte de mercanc\u00edas para consumo en el estado y de insumos que se requieren para las familias\u201d, finaliz\u00f3.<\/p>\n","protected":false},"excerpt":{"rendered":"<p>La meta es establecer una estrategia definitiva y contundente que permita a los transportistas circular con la seguridad debida. Autoridades se unen para garantizar la integridad de transportistas y reducir p\u00e9rdidas. Las secretar\u00edas de Desarrollo Econ\u00f3mico y de Seguridad en el Estado de M\u00e9xico, pondr\u00e1n en marcha un operativo de seguridad que abarque toda la [&hellip;]<\/p>\n","protected":false},"author":1,"featured_media":39528,"comment_status":"closed","ping_status":"closed","sticky":false,"template":"","format":"standard","meta":{"footnotes":""},"categories":[30,31],"tags":[],"class_list":["post-39527","post","type-post","status-publish","format-standard","has-post-thumbnail","hentry","category-destacado","category-portada"],"_links":{"self":[{"href":"https:\/\/elinformante.mx\/index.php?rest_route=\/wp\/v2\/posts\/39527","targetHints":{"allow":["GET"]}}],"collection":[{"href":"https:\/\/elinformante.mx\/index.php?rest_route=\/wp\/v2\/posts"}],"about":[{"href":"https:\/\/elinformante.mx\/index.php?rest_route=\/wp\/v2\/types\/post"}],"author":[{"embeddable":true,"href":"https:\/\/elinformante.mx\/index.php?rest_route=\/wp\/v2\/users\/1"}],"replies":[{"embeddable":true,"href":"https:\/\/elinformante.mx\/index.php?rest_route=%2Fwp%2Fv2%2Fcomments&post=39527"}],"version-history":[{"count":0,"href":"https:\/\/elinformante.mx\/index.php?rest_route=\/wp\/v2\/posts\/39527\/revisions"}],"wp:featuredmedia":[{"embeddable":true,"href":"https:\/\/elinformante.mx\/index.php?rest_route=\/wp\/v2\/media\/39528"}],"wp:attachment":[{"href":"https:\/\/elinformante.mx\/index.php?rest_route=%2Fwp%2Fv2%2Fmedia&parent=39527"}],"wp:term":[{"taxonomy":"category","embeddable":true,"href":"https:\/\/elinformante.mx\/index.php?rest_route=%2Fwp%2Fv2%2Fcategories&post=39527"},{"taxonomy":"post_tag","embeddable":true,"href":"https:\/\/elinformante.mx\/index.php?rest_route=%2Fwp%2Fv2%2Ftags&post=39527"}],"curies":[{"name":"wp","href":"https:\/\/api.w.org\/{rel}","templated":true}]}}