{"id":39531,"date":"2023-10-26T14:02:19","date_gmt":"2023-10-26T14:02:19","guid":{"rendered":"https:\/\/elinformante.mx\/?p=39531"},"modified":"2023-10-26T14:02:20","modified_gmt":"2023-10-26T14:02:20","slug":"crece-la-migracion-irregular-de-menores-en-mexico","status":"publish","type":"post","link":"https:\/\/elinformante.mx\/?p=39531","title":{"rendered":"Crece la migraci\u00f3n irregular de menores en M\u00e9xico"},"content":{"rendered":"\n<blockquote class=\"wp-block-quote is-layout-flow wp-block-quote-is-layout-flow\">\n<p>La Red por los Derechos de la Infancia en M\u00e9xico expuso las cuatro principales causas que han obligado a la ni\u00f1ez a desplazarse de sus pa\u00edses de origen.<\/p>\n<\/blockquote>\n\n\n\n<p>La migraci\u00f3n irregular de menores de 18 a\u00f1os que pasan por M\u00e9xico creci\u00f3 un 61,9 % interanual de enero a agosto de 2023, con casi 63 mil migrantes detectados, seg\u00fan un informe presentado este mi\u00e9rcoles por la Red por los Derechos de la Infancia en M\u00e9xico (Redim).<br><\/p>\n\n\n\n<p>Adem\u00e1s, se ha repatriado en ese mismo periodo a casi 18 mil menores de entre 0 y 17 a\u00f1os de Estados Unidos a M\u00e9xico, lo que representa un aumento de 2,5 % con respecto al periodo anterior, a\u00f1adi\u00f3 el reporte.<br><\/p>\n\n\n\n<p>El estudio de la Redim mostr\u00f3 que la pobreza, la falta de oportunidades, la violencia y la reunificaci\u00f3n familiar son las principales causas que impulsan la migraci\u00f3n infantil en pa\u00edses de Centroam\u00e9rica.<br><\/p>\n\n\n\n<p>De acuerdo con Ram\u00edrez, los contextos pol\u00edticos e hist\u00f3ricos de conflictos en la regi\u00f3n, adem\u00e1s de los sociales originados por la expropiaci\u00f3n de tierras, la crisis clim\u00e1tica, la violencia de g\u00e9nero y la reciente pandemia por Covid-19 han provocado procesos de movilidad humana en la b\u00fasqueda de mejores condiciones de vida.<br><\/p>\n\n\n\n<p>El informe, que abarc\u00f3 poblaciones de Guatemala, El Salvador, Honduras y Nicaragua, detect\u00f3 que existen cuatro principales causas que han obligado a la ni\u00f1ez de la regi\u00f3n a migrar de estos pa\u00edses.<br><\/p>\n\n\n\n<p>Esto, dijo, se recrudece porque los recursos destinados a gasto social son \u201cdesiguales y deficientes\u201d.<br><\/p>\n\n\n\n<p>Aunado a ello, report\u00f3, la baja inversi\u00f3n en educaci\u00f3n y salud reduce las oportunidades de empleo y desarrollo personal, lo que impulsa la migraci\u00f3n.<br><\/p>\n\n\n\n<p>Del mismo modo, desastres naturales como los huracanes han generado un efecto en las condiciones de vida de las personas, que se ven obligadas a desplazarse \u201cpues se ven mayores niveles de pobreza para las familias y buscan emigrar para recuperar parte de lo que perdieron\u201d, manifest\u00f3.<br><\/p>\n\n\n\n<p>Otra de las causas, dijo Ram\u00edrez, es la violencia e inseguridad ciudadana, pues en los cuatro pa\u00edses existen altos \u00edndices que han incrementado la migraci\u00f3n, lo que se ha recrudecido por la creciente presencia del crimen organizado.<br><\/p>\n\n\n\n<p>Dentro de este rubro, la violencia basada en g\u00e9nero ha incidido en la migraci\u00f3n pues, aunque ha habido avances legislativos, sigue siendo un tema preocupante, dijo Ram\u00edrez.<br><\/p>\n\n\n\n<p>Finalmente, dicta el informe, los proyectos de vida, enfocados en superar sus problemas econ\u00f3micos, disponer de ambientes menos hostiles y reunificarse con sus familias, es la cuarta causa aunque \u201cla menos analizada en el marco de la migraci\u00f3n\u201d, dijo.<\/p>\n","protected":false},"excerpt":{"rendered":"<p>La Red por los Derechos de la Infancia en M\u00e9xico expuso las cuatro principales causas que han obligado a la ni\u00f1ez a desplazarse de sus pa\u00edses de origen. La migraci\u00f3n irregular de menores de 18 a\u00f1os que pasan por M\u00e9xico creci\u00f3 un 61,9 % interanual de enero a agosto de 2023, con casi 63 mil [&hellip;]<\/p>\n","protected":false},"author":1,"featured_media":39532,"comment_status":"closed","ping_status":"closed","sticky":false,"template":"","format":"standard","meta":{"footnotes":""},"categories":[30,31],"tags":[],"class_list":["post-39531","post","type-post","status-publish","format-standard","has-post-thumbnail","hentry","category-destacado","category-portada"],"_links":{"self":[{"href":"https:\/\/elinformante.mx\/index.php?rest_route=\/wp\/v2\/posts\/39531","targetHints":{"allow":["GET"]}}],"collection":[{"href":"https:\/\/elinformante.mx\/index.php?rest_route=\/wp\/v2\/posts"}],"about":[{"href":"https:\/\/elinformante.mx\/index.php?rest_route=\/wp\/v2\/types\/post"}],"author":[{"embeddable":true,"href":"https:\/\/elinformante.mx\/index.php?rest_route=\/wp\/v2\/users\/1"}],"replies":[{"embeddable":true,"href":"https:\/\/elinformante.mx\/index.php?rest_route=%2Fwp%2Fv2%2Fcomments&post=39531"}],"version-history":[{"count":0,"href":"https:\/\/elinformante.mx\/index.php?rest_route=\/wp\/v2\/posts\/39531\/revisions"}],"wp:featuredmedia":[{"embeddable":true,"href":"https:\/\/elinformante.mx\/index.php?rest_route=\/wp\/v2\/media\/39532"}],"wp:attachment":[{"href":"https:\/\/elinformante.mx\/index.php?rest_route=%2Fwp%2Fv2%2Fmedia&parent=39531"}],"wp:term":[{"taxonomy":"category","embeddable":true,"href":"https:\/\/elinformante.mx\/index.php?rest_route=%2Fwp%2Fv2%2Fcategories&post=39531"},{"taxonomy":"post_tag","embeddable":true,"href":"https:\/\/elinformante.mx\/index.php?rest_route=%2Fwp%2Fv2%2Ftags&post=39531"}],"curies":[{"name":"wp","href":"https:\/\/api.w.org\/{rel}","templated":true}]}}