{"id":39534,"date":"2023-10-26T14:04:34","date_gmt":"2023-10-26T14:04:34","guid":{"rendered":"https:\/\/elinformante.mx\/?p=39534"},"modified":"2023-10-26T14:04:35","modified_gmt":"2023-10-26T14:04:35","slug":"guerrero-devastado","status":"publish","type":"post","link":"https:\/\/elinformante.mx\/?p=39534","title":{"rendered":"\u00a1GUERRERO DEVASTADO!"},"content":{"rendered":"\n<blockquote class=\"wp-block-quote is-layout-flow wp-block-quote-is-layout-flow\">\n<p>El hurac\u00e1n \u201cOtis\u201d impact\u00f3 como categor\u00eda cinco y caus\u00f3 inundaciones, cortes de luz, \u00e1rboles ca\u00eddos y da\u00f1os en autos y casas en el Puerto.<\/p>\n<\/blockquote>\n\n\n\n<p>El hurac\u00e1n \u2018Otis\u2019 dej\u00f3 destrozos en Acapulco tras tocar tierra durante la madrugada de este mi\u00e9rcoles en Guerrero, con vientos de hasta 250 kil\u00f3metros por hora.<br><\/p>\n\n\n\n<p>El fen\u00f3meno caus\u00f3 inundaciones, cortes de luz, \u00e1rboles ca\u00eddos y da\u00f1os en autos y casas en el Puerto.<br><\/p>\n\n\n\n<figure class=\"wp-block-image size-large\"><img fetchpriority=\"high\" decoding=\"async\" width=\"1024\" height=\"503\" src=\"https:\/\/elinformante.mx\/wp-content\/uploads\/2023\/10\/HURACAN-OTIS-2-1024x503.jpg\" alt=\"\" class=\"wp-image-39536\" srcset=\"https:\/\/elinformante.mx\/wp-content\/uploads\/2023\/10\/HURACAN-OTIS-2-1024x503.jpg 1024w, https:\/\/elinformante.mx\/wp-content\/uploads\/2023\/10\/HURACAN-OTIS-2-300x147.jpg 300w, https:\/\/elinformante.mx\/wp-content\/uploads\/2023\/10\/HURACAN-OTIS-2-768x377.jpg 768w, https:\/\/elinformante.mx\/wp-content\/uploads\/2023\/10\/HURACAN-OTIS-2-580x285.jpg 580w, https:\/\/elinformante.mx\/wp-content\/uploads\/2023\/10\/HURACAN-OTIS-2-860x422.jpg 860w, https:\/\/elinformante.mx\/wp-content\/uploads\/2023\/10\/HURACAN-OTIS-2.jpg 1140w\" sizes=\"(max-width: 1024px) 100vw, 1024px\" \/><\/figure>\n\n\n\n<p>Autoridades alertaron por oleaje de 6 a 8 metros de altura. Asimismo, el hurac\u00e1n se degrad\u00f3 a categor\u00eda 2 alrededor de las 6:00 horas, inform\u00f3 Conagua.<br><\/p>\n\n\n\n<p>El mandatario federal, Andr\u00e9s Manuel L\u00f3pez Obrador, inform\u00f3 que el hurac\u00e1n \u2018Otis\u2019 entr\u00f3 con mucha fuerza como categor\u00eda 5, por lo que se perdi\u00f3 toda comunicaci\u00f3n con varios municipios del estado; se desconoce si hay p\u00e9rdidas de vidas, s\u00ed hay da\u00f1os materiales e incluso la carretera principal sufri\u00f3 derrumbes. Adem\u00e1s, que el fen\u00f3meno ya se ha degradado a categor\u00eda dos.<br><\/p>\n\n\n\n<figure class=\"wp-block-image size-large\"><img decoding=\"async\" width=\"1024\" height=\"503\" src=\"https:\/\/elinformante.mx\/wp-content\/uploads\/2023\/10\/HURACAN-OTIS-4-1024x503.jpg\" alt=\"\" class=\"wp-image-39537\" srcset=\"https:\/\/elinformante.mx\/wp-content\/uploads\/2023\/10\/HURACAN-OTIS-4-1024x503.jpg 1024w, https:\/\/elinformante.mx\/wp-content\/uploads\/2023\/10\/HURACAN-OTIS-4-300x147.jpg 300w, https:\/\/elinformante.mx\/wp-content\/uploads\/2023\/10\/HURACAN-OTIS-4-768x377.jpg 768w, https:\/\/elinformante.mx\/wp-content\/uploads\/2023\/10\/HURACAN-OTIS-4-580x285.jpg 580w, https:\/\/elinformante.mx\/wp-content\/uploads\/2023\/10\/HURACAN-OTIS-4-860x422.jpg 860w, https:\/\/elinformante.mx\/wp-content\/uploads\/2023\/10\/HURACAN-OTIS-4.jpg 1140w\" sizes=\"(max-width: 1024px) 100vw, 1024px\" \/><\/figure>\n\n\n\n<p>El impacto del hurac\u00e1n Otis que impact\u00f3 al puerto de Acapulco, record\u00f3 al entonces poderoso hurac\u00e1n Gilbert, tambi\u00e9n de categor\u00eda 5, que azot\u00f3 las costas de la pen\u00ednsula de Yucat\u00e1n en 1988.<br><\/p>\n\n\n\n<p>El 14 de septiembre de 1988, Gilbert azot\u00f3 las costas de la pen\u00ednsula de Yucat\u00e1n, cruz\u00f3 el Golfo de M\u00e9xico y su fuerza impact\u00f3 en el noreste del pa\u00eds.<br><\/p>\n\n\n\n<figure class=\"wp-block-image size-large\"><img decoding=\"async\" width=\"1024\" height=\"503\" src=\"https:\/\/elinformante.mx\/wp-content\/uploads\/2023\/10\/HURACAN-OTIS-5-1024x503.jpg\" alt=\"\" class=\"wp-image-39538\" srcset=\"https:\/\/elinformante.mx\/wp-content\/uploads\/2023\/10\/HURACAN-OTIS-5-1024x503.jpg 1024w, https:\/\/elinformante.mx\/wp-content\/uploads\/2023\/10\/HURACAN-OTIS-5-300x147.jpg 300w, https:\/\/elinformante.mx\/wp-content\/uploads\/2023\/10\/HURACAN-OTIS-5-768x377.jpg 768w, https:\/\/elinformante.mx\/wp-content\/uploads\/2023\/10\/HURACAN-OTIS-5-580x285.jpg 580w, https:\/\/elinformante.mx\/wp-content\/uploads\/2023\/10\/HURACAN-OTIS-5-860x422.jpg 860w, https:\/\/elinformante.mx\/wp-content\/uploads\/2023\/10\/HURACAN-OTIS-5.jpg 1140w\" sizes=\"(max-width: 1024px) 100vw, 1024px\" \/><\/figure>\n\n\n\n<p>La fuerza de los vientos y el oleaje del hurac\u00e1n Gilbert dej\u00f3 destrucci\u00f3n en Quintana Roo y Yucat\u00e1n, cruz\u00f3 el Golfo de M\u00e9xico e impact\u00f3 en Tamaulipas, a su paso afect\u00f3 con severas inundaciones a Nuevo Le\u00f3n, finalmente se disip\u00f3 en Coahuila.<br><\/p>\n\n\n\n<p>\u201cGilbert\u201d dej\u00f3 225 muertos y 51 mil 610 personas damnificadas; provoc\u00f3 la evacuaci\u00f3n de 140 mil personas y provoc\u00f3 da\u00f1os en sectores como la navegaci\u00f3n, comunicaciones, servicios urbanos e infraestructura.<br><\/p>\n\n\n\n<figure class=\"wp-block-image size-large\"><img loading=\"lazy\" decoding=\"async\" width=\"1024\" height=\"503\" src=\"https:\/\/elinformante.mx\/wp-content\/uploads\/2023\/10\/HURACAN-OTIS-6-1024x503.jpg\" alt=\"\" class=\"wp-image-39539\" srcset=\"https:\/\/elinformante.mx\/wp-content\/uploads\/2023\/10\/HURACAN-OTIS-6-1024x503.jpg 1024w, https:\/\/elinformante.mx\/wp-content\/uploads\/2023\/10\/HURACAN-OTIS-6-300x147.jpg 300w, https:\/\/elinformante.mx\/wp-content\/uploads\/2023\/10\/HURACAN-OTIS-6-768x377.jpg 768w, https:\/\/elinformante.mx\/wp-content\/uploads\/2023\/10\/HURACAN-OTIS-6-580x285.jpg 580w, https:\/\/elinformante.mx\/wp-content\/uploads\/2023\/10\/HURACAN-OTIS-6-860x422.jpg 860w, https:\/\/elinformante.mx\/wp-content\/uploads\/2023\/10\/HURACAN-OTIS-6.jpg 1140w\" sizes=\"(max-width: 1024px) 100vw, 1024px\" \/><\/figure>\n\n\n\n<p>El fen\u00f3meno meteorol\u00f3gico dej\u00f3 una p\u00e9rdida econ\u00f3mica por cerca de 76 millones de d\u00f3lares.<br><\/p>\n\n\n\n<p>De categor\u00eda 4, el hurac\u00e1n \u201cPaulina\u201d arras\u00f3 con importantes destinos tur\u00edsticos como Acapulco, Puerto Escondido y Huatulco en 1997. Al igual que \u201cOtis\u201d, aquel meteoro afect\u00f3 a Acapulco, en donde dej\u00f3 300 mil damnificados, 250 lesionados y 150 desaparecidos.<\/p>\n\n\n\n<figure class=\"wp-block-gallery has-nested-images columns-default is-cropped wp-block-gallery-1 is-layout-flex wp-block-gallery-is-layout-flex\">\n<figure class=\"wp-block-image size-large\"><img loading=\"lazy\" decoding=\"async\" width=\"1024\" height=\"503\" data-id=\"39541\" src=\"https:\/\/elinformante.mx\/wp-content\/uploads\/2023\/10\/HURACAN-OTIS-7-1024x503.jpg\" alt=\"\" class=\"wp-image-39541\" srcset=\"https:\/\/elinformante.mx\/wp-content\/uploads\/2023\/10\/HURACAN-OTIS-7-1024x503.jpg 1024w, https:\/\/elinformante.mx\/wp-content\/uploads\/2023\/10\/HURACAN-OTIS-7-300x147.jpg 300w, https:\/\/elinformante.mx\/wp-content\/uploads\/2023\/10\/HURACAN-OTIS-7-768x377.jpg 768w, https:\/\/elinformante.mx\/wp-content\/uploads\/2023\/10\/HURACAN-OTIS-7-580x285.jpg 580w, https:\/\/elinformante.mx\/wp-content\/uploads\/2023\/10\/HURACAN-OTIS-7-860x422.jpg 860w, https:\/\/elinformante.mx\/wp-content\/uploads\/2023\/10\/HURACAN-OTIS-7.jpg 1140w\" sizes=\"(max-width: 1024px) 100vw, 1024px\" \/><\/figure>\n\n\n\n<figure class=\"wp-block-image size-large\"><img loading=\"lazy\" decoding=\"async\" width=\"1024\" height=\"503\" data-id=\"39542\" src=\"https:\/\/elinformante.mx\/wp-content\/uploads\/2023\/10\/HURACAN-OTIS-8-1024x503.jpg\" alt=\"\" class=\"wp-image-39542\" srcset=\"https:\/\/elinformante.mx\/wp-content\/uploads\/2023\/10\/HURACAN-OTIS-8-1024x503.jpg 1024w, https:\/\/elinformante.mx\/wp-content\/uploads\/2023\/10\/HURACAN-OTIS-8-300x147.jpg 300w, https:\/\/elinformante.mx\/wp-content\/uploads\/2023\/10\/HURACAN-OTIS-8-768x377.jpg 768w, https:\/\/elinformante.mx\/wp-content\/uploads\/2023\/10\/HURACAN-OTIS-8-580x285.jpg 580w, https:\/\/elinformante.mx\/wp-content\/uploads\/2023\/10\/HURACAN-OTIS-8-860x422.jpg 860w, https:\/\/elinformante.mx\/wp-content\/uploads\/2023\/10\/HURACAN-OTIS-8.jpg 1140w\" sizes=\"(max-width: 1024px) 100vw, 1024px\" \/><\/figure>\n\n\n\n<figure class=\"wp-block-image size-large\"><img loading=\"lazy\" decoding=\"async\" width=\"1024\" height=\"503\" data-id=\"39540\" src=\"https:\/\/elinformante.mx\/wp-content\/uploads\/2023\/10\/HURACAN-OTIS-9-1024x503.jpg\" alt=\"\" class=\"wp-image-39540\" srcset=\"https:\/\/elinformante.mx\/wp-content\/uploads\/2023\/10\/HURACAN-OTIS-9-1024x503.jpg 1024w, https:\/\/elinformante.mx\/wp-content\/uploads\/2023\/10\/HURACAN-OTIS-9-300x147.jpg 300w, https:\/\/elinformante.mx\/wp-content\/uploads\/2023\/10\/HURACAN-OTIS-9-768x377.jpg 768w, https:\/\/elinformante.mx\/wp-content\/uploads\/2023\/10\/HURACAN-OTIS-9-580x285.jpg 580w, https:\/\/elinformante.mx\/wp-content\/uploads\/2023\/10\/HURACAN-OTIS-9-860x422.jpg 860w, https:\/\/elinformante.mx\/wp-content\/uploads\/2023\/10\/HURACAN-OTIS-9.jpg 1140w\" sizes=\"(max-width: 1024px) 100vw, 1024px\" \/><\/figure>\n\n\n\n<figure class=\"wp-block-image size-large\"><img loading=\"lazy\" decoding=\"async\" width=\"1024\" height=\"503\" data-id=\"39544\" src=\"https:\/\/elinformante.mx\/wp-content\/uploads\/2023\/10\/HURACAN-OTIS-10-1024x503.jpg\" alt=\"\" class=\"wp-image-39544\" srcset=\"https:\/\/elinformante.mx\/wp-content\/uploads\/2023\/10\/HURACAN-OTIS-10-1024x503.jpg 1024w, https:\/\/elinformante.mx\/wp-content\/uploads\/2023\/10\/HURACAN-OTIS-10-300x147.jpg 300w, https:\/\/elinformante.mx\/wp-content\/uploads\/2023\/10\/HURACAN-OTIS-10-768x377.jpg 768w, https:\/\/elinformante.mx\/wp-content\/uploads\/2023\/10\/HURACAN-OTIS-10-580x285.jpg 580w, https:\/\/elinformante.mx\/wp-content\/uploads\/2023\/10\/HURACAN-OTIS-10-860x422.jpg 860w, https:\/\/elinformante.mx\/wp-content\/uploads\/2023\/10\/HURACAN-OTIS-10.jpg 1140w\" sizes=\"(max-width: 1024px) 100vw, 1024px\" \/><\/figure>\n\n\n\n<figure class=\"wp-block-image size-large\"><img loading=\"lazy\" decoding=\"async\" width=\"1024\" height=\"503\" data-id=\"39543\" src=\"https:\/\/elinformante.mx\/wp-content\/uploads\/2023\/10\/HURACAN-OTIS-23-1024x503.jpg\" alt=\"\" class=\"wp-image-39543\" srcset=\"https:\/\/elinformante.mx\/wp-content\/uploads\/2023\/10\/HURACAN-OTIS-23-1024x503.jpg 1024w, https:\/\/elinformante.mx\/wp-content\/uploads\/2023\/10\/HURACAN-OTIS-23-300x147.jpg 300w, https:\/\/elinformante.mx\/wp-content\/uploads\/2023\/10\/HURACAN-OTIS-23-768x377.jpg 768w, https:\/\/elinformante.mx\/wp-content\/uploads\/2023\/10\/HURACAN-OTIS-23-580x285.jpg 580w, https:\/\/elinformante.mx\/wp-content\/uploads\/2023\/10\/HURACAN-OTIS-23-860x422.jpg 860w, https:\/\/elinformante.mx\/wp-content\/uploads\/2023\/10\/HURACAN-OTIS-23.jpg 1140w\" sizes=\"(max-width: 1024px) 100vw, 1024px\" \/><\/figure>\n\n\n\n<figure class=\"wp-block-image size-large\"><img loading=\"lazy\" decoding=\"async\" width=\"1024\" height=\"503\" data-id=\"39545\" src=\"https:\/\/elinformante.mx\/wp-content\/uploads\/2023\/10\/HURACAN-OTIS-1024x503.jpg\" alt=\"\" class=\"wp-image-39545\" srcset=\"https:\/\/elinformante.mx\/wp-content\/uploads\/2023\/10\/HURACAN-OTIS-1024x503.jpg 1024w, https:\/\/elinformante.mx\/wp-content\/uploads\/2023\/10\/HURACAN-OTIS-300x147.jpg 300w, https:\/\/elinformante.mx\/wp-content\/uploads\/2023\/10\/HURACAN-OTIS-768x377.jpg 768w, https:\/\/elinformante.mx\/wp-content\/uploads\/2023\/10\/HURACAN-OTIS-580x285.jpg 580w, https:\/\/elinformante.mx\/wp-content\/uploads\/2023\/10\/HURACAN-OTIS-860x422.jpg 860w, https:\/\/elinformante.mx\/wp-content\/uploads\/2023\/10\/HURACAN-OTIS.jpg 1140w\" sizes=\"(max-width: 1024px) 100vw, 1024px\" \/><\/figure>\n<\/figure>\n","protected":false},"excerpt":{"rendered":"<p>El hurac\u00e1n \u201cOtis\u201d impact\u00f3 como categor\u00eda cinco y caus\u00f3 inundaciones, cortes de luz, \u00e1rboles ca\u00eddos y da\u00f1os en autos y casas en el Puerto. El hurac\u00e1n \u2018Otis\u2019 dej\u00f3 destrozos en Acapulco tras tocar tierra durante la madrugada de este mi\u00e9rcoles en Guerrero, con vientos de hasta 250 kil\u00f3metros por hora. El fen\u00f3meno caus\u00f3 inundaciones, cortes [&hellip;]<\/p>\n","protected":false},"author":1,"featured_media":39535,"comment_status":"closed","ping_status":"closed","sticky":false,"template":"","format":"standard","meta":{"footnotes":""},"categories":[30,31],"tags":[],"class_list":["post-39534","post","type-post","status-publish","format-standard","has-post-thumbnail","hentry","category-destacado","category-portada"],"_links":{"self":[{"href":"https:\/\/elinformante.mx\/index.php?rest_route=\/wp\/v2\/posts\/39534","targetHints":{"allow":["GET"]}}],"collection":[{"href":"https:\/\/elinformante.mx\/index.php?rest_route=\/wp\/v2\/posts"}],"about":[{"href":"https:\/\/elinformante.mx\/index.php?rest_route=\/wp\/v2\/types\/post"}],"author":[{"embeddable":true,"href":"https:\/\/elinformante.mx\/index.php?rest_route=\/wp\/v2\/users\/1"}],"replies":[{"embeddable":true,"href":"https:\/\/elinformante.mx\/index.php?rest_route=%2Fwp%2Fv2%2Fcomments&post=39534"}],"version-history":[{"count":0,"href":"https:\/\/elinformante.mx\/index.php?rest_route=\/wp\/v2\/posts\/39534\/revisions"}],"wp:featuredmedia":[{"embeddable":true,"href":"https:\/\/elinformante.mx\/index.php?rest_route=\/wp\/v2\/media\/39535"}],"wp:attachment":[{"href":"https:\/\/elinformante.mx\/index.php?rest_route=%2Fwp%2Fv2%2Fmedia&parent=39534"}],"wp:term":[{"taxonomy":"category","embeddable":true,"href":"https:\/\/elinformante.mx\/index.php?rest_route=%2Fwp%2Fv2%2Fcategories&post=39534"},{"taxonomy":"post_tag","embeddable":true,"href":"https:\/\/elinformante.mx\/index.php?rest_route=%2Fwp%2Fv2%2Ftags&post=39534"}],"curies":[{"name":"wp","href":"https:\/\/api.w.org\/{rel}","templated":true}]}}