{"id":39547,"date":"2023-10-26T14:20:29","date_gmt":"2023-10-26T14:20:29","guid":{"rendered":"https:\/\/elinformante.mx\/?p=39547"},"modified":"2023-10-26T14:20:30","modified_gmt":"2023-10-26T14:20:30","slug":"en-edomex-dignificaran-atencion-medica-delfina-gomez-en-reunion-con-issste","status":"publish","type":"post","link":"https:\/\/elinformante.mx\/?p=39547","title":{"rendered":"En Edom\u00e9x dignificar\u00e1n atenci\u00f3n m\u00e9dica: Delfina G\u00f3mez en reuni\u00f3n con ISSSTE"},"content":{"rendered":"\n<blockquote class=\"wp-block-quote is-layout-flow wp-block-quote-is-layout-flow\">\n<p>La Gobernadora del Estado de M\u00e9xico inform\u00f3 que atender\u00e1 el rezago en los servicios del ISSEMyM; adem\u00e1s se vacun\u00f3 contra Influenza y COVID-19, en el marco de la Campa\u00f1a de Vacunaci\u00f3n de Temporada Invernal 2023-2024.<\/p>\n<\/blockquote>\n\n\n\n<p>Para atender y optimizar temas relacionados con los servicios de salud en el Estado de M\u00e9xico, la Gobernadora Delfina G\u00f3mez \u00c1lvarez, se reuni\u00f3 con el Director General del Instituto de Seguridad y Servicios Sociales de los Trabajadores del Estado (ISSSTE), Pedro Zenteno Santaella.<br><\/p>\n\n\n\n<p>De acuerdo con la administraci\u00f3n estatal, una de las prioridades del Gobierno que encabeza la primera mandataria mexiquense Delfina G\u00f3mez es mejorar, atender y optimizar los servicios m\u00e9dicos y administrativos que se ofrecen en territorio mexiquense.<br><\/p>\n\n\n\n<figure class=\"wp-block-image size-large\"><img fetchpriority=\"high\" decoding=\"async\" width=\"1024\" height=\"503\" src=\"https:\/\/elinformante.mx\/wp-content\/uploads\/2023\/10\/EN-EDOMEX-1-1024x503.jpg\" alt=\"\" class=\"wp-image-39549\" srcset=\"https:\/\/elinformante.mx\/wp-content\/uploads\/2023\/10\/EN-EDOMEX-1-1024x503.jpg 1024w, https:\/\/elinformante.mx\/wp-content\/uploads\/2023\/10\/EN-EDOMEX-1-300x147.jpg 300w, https:\/\/elinformante.mx\/wp-content\/uploads\/2023\/10\/EN-EDOMEX-1-768x377.jpg 768w, https:\/\/elinformante.mx\/wp-content\/uploads\/2023\/10\/EN-EDOMEX-1-580x285.jpg 580w, https:\/\/elinformante.mx\/wp-content\/uploads\/2023\/10\/EN-EDOMEX-1-860x422.jpg 860w, https:\/\/elinformante.mx\/wp-content\/uploads\/2023\/10\/EN-EDOMEX-1.jpg 1140w\" sizes=\"(max-width: 1024px) 100vw, 1024px\" \/><\/figure>\n\n\n\n<p>\u201cLa transformaci\u00f3n del Estado de M\u00e9xico se logra haciendo equipo, por eso nos reunimos con el Doctor Pedro Zenteno Santaella, Director General del ISSSTE, con quien platicamos sobre la optimizaci\u00f3n de la atenci\u00f3n y servicios de salud. Con la uni\u00f3n de esfuerzos dignificaremos la atenci\u00f3n m\u00e9dica a trav\u00e9s del IMSS Bienestar y del ISSEMyM. #ElPoderDeServir\u201d, comparti\u00f3 la Titular del Ejecutivo Estatal a trav\u00e9s de sus redes sociales oficiales.<br><\/p>\n\n\n\n<p>Cabe mencionar que la Gobernadora se vacun\u00f3 contra Influenza y COVID-19, en el marco de la Campa\u00f1a de Vacunaci\u00f3n de Temporada Invernal 2023-2024 \u201cPor tu bienestar y el de tu familia \u00a1vac\u00fanense!\u201d, que se activ\u00f3 en la entidad.<br><\/p>\n\n\n\n<figure class=\"wp-block-image size-large\"><img decoding=\"async\" width=\"1024\" height=\"503\" src=\"https:\/\/elinformante.mx\/wp-content\/uploads\/2023\/10\/EN-EDOMEX-3-1024x503.jpg\" alt=\"\" class=\"wp-image-39550\" srcset=\"https:\/\/elinformante.mx\/wp-content\/uploads\/2023\/10\/EN-EDOMEX-3-1024x503.jpg 1024w, https:\/\/elinformante.mx\/wp-content\/uploads\/2023\/10\/EN-EDOMEX-3-300x147.jpg 300w, https:\/\/elinformante.mx\/wp-content\/uploads\/2023\/10\/EN-EDOMEX-3-768x377.jpg 768w, https:\/\/elinformante.mx\/wp-content\/uploads\/2023\/10\/EN-EDOMEX-3-580x285.jpg 580w, https:\/\/elinformante.mx\/wp-content\/uploads\/2023\/10\/EN-EDOMEX-3-860x422.jpg 860w, https:\/\/elinformante.mx\/wp-content\/uploads\/2023\/10\/EN-EDOMEX-3.jpg 1140w\" sizes=\"(max-width: 1024px) 100vw, 1024px\" \/><\/figure>\n\n\n\n<p>Asisti\u00f3 a uno de los tres m\u00f3dulos instalados en el Patio Central de Palacio de Gobierno en Toluca para recibir sus vacunas, mismas que tambi\u00e9n se aplican de forma gratuita y segura en las m\u00e1s de mil 800 unidades de primer nivel de atenci\u00f3n ubicadas todas las instituciones del sector salud mexiquense.<br><\/p>\n\n\n\n<p>Las autoridades de Salud informaron que, a partir del arranque de la Campa\u00f1a de Vacunaci\u00f3n a la fecha, en la entidad mexiquense se han aplicado de manera gratuita 207 mil 976 dosis contra Influenza de un total de 4.2 millones de dosis de la vacuna que se estiman aplicar.<\/p>\n","protected":false},"excerpt":{"rendered":"<p>La Gobernadora del Estado de M\u00e9xico inform\u00f3 que atender\u00e1 el rezago en los servicios del ISSEMyM; adem\u00e1s se vacun\u00f3 contra Influenza y COVID-19, en el marco de la Campa\u00f1a de Vacunaci\u00f3n de Temporada Invernal 2023-2024. Para atender y optimizar temas relacionados con los servicios de salud en el Estado de M\u00e9xico, la Gobernadora Delfina G\u00f3mez [&hellip;]<\/p>\n","protected":false},"author":1,"featured_media":39548,"comment_status":"closed","ping_status":"closed","sticky":false,"template":"","format":"standard","meta":{"footnotes":""},"categories":[36],"tags":[],"class_list":["post-39547","post","type-post","status-publish","format-standard","has-post-thumbnail","hentry","category-edomex"],"_links":{"self":[{"href":"https:\/\/elinformante.mx\/index.php?rest_route=\/wp\/v2\/posts\/39547","targetHints":{"allow":["GET"]}}],"collection":[{"href":"https:\/\/elinformante.mx\/index.php?rest_route=\/wp\/v2\/posts"}],"about":[{"href":"https:\/\/elinformante.mx\/index.php?rest_route=\/wp\/v2\/types\/post"}],"author":[{"embeddable":true,"href":"https:\/\/elinformante.mx\/index.php?rest_route=\/wp\/v2\/users\/1"}],"replies":[{"embeddable":true,"href":"https:\/\/elinformante.mx\/index.php?rest_route=%2Fwp%2Fv2%2Fcomments&post=39547"}],"version-history":[{"count":0,"href":"https:\/\/elinformante.mx\/index.php?rest_route=\/wp\/v2\/posts\/39547\/revisions"}],"wp:featuredmedia":[{"embeddable":true,"href":"https:\/\/elinformante.mx\/index.php?rest_route=\/wp\/v2\/media\/39548"}],"wp:attachment":[{"href":"https:\/\/elinformante.mx\/index.php?rest_route=%2Fwp%2Fv2%2Fmedia&parent=39547"}],"wp:term":[{"taxonomy":"category","embeddable":true,"href":"https:\/\/elinformante.mx\/index.php?rest_route=%2Fwp%2Fv2%2Fcategories&post=39547"},{"taxonomy":"post_tag","embeddable":true,"href":"https:\/\/elinformante.mx\/index.php?rest_route=%2Fwp%2Fv2%2Ftags&post=39547"}],"curies":[{"name":"wp","href":"https:\/\/api.w.org\/{rel}","templated":true}]}}