{"id":39560,"date":"2023-10-26T14:28:15","date_gmt":"2023-10-26T14:28:15","guid":{"rendered":"https:\/\/elinformante.mx\/?p=39560"},"modified":"2023-10-26T14:28:16","modified_gmt":"2023-10-26T14:28:16","slug":"ignacio-ambriz-fue-despedido-del-toluca","status":"publish","type":"post","link":"https:\/\/elinformante.mx\/?p=39560","title":{"rendered":"Ignacio Ambriz fue despedido del Toluca"},"content":{"rendered":"\n<blockquote class=\"wp-block-quote is-layout-flow wp-block-quote-is-layout-flow\">\n<p>El equipo con sede en la capital del Estado de M\u00e9xico anunci\u00f3 la finalizaci\u00f3n de la relaci\u00f3n laboral con su estratega.<\/p>\n<\/blockquote>\n\n\n\n<p>D\u00edas despu\u00e9s de que se diera a conocer el supuesto descontento del entrenador Ignacio Ambriz por el rendimiento del Club Deportivo Toluca, la instituci\u00f3n con sede en el Estado de M\u00e9xico anunci\u00f3 que dej\u00f3 de ser el entrenador. Si bien no se dieron a conocer detalles acerca de la finalizaci\u00f3n de la relaci\u00f3n, agradecieron su entrega con el equipo.<br><\/p>\n\n\n\n<p>Por medio de sus redes sociales oficiales, el equipo propietario del Estadio Nemesio Diez anunci\u00f3 este mi\u00e9rcoles 25 de octubre que, despu\u00e9s de haber sostenido una reuni\u00f3n con el timonel, decidieron dar por terminada su vinculaci\u00f3n contractual que lo manten\u00eda como el director t\u00e9cnico del primer equipo. Con ello, tras un a\u00f1o con 10 meses finaliz\u00f3 su paso por Toluca.<br><\/p>\n\n\n\n<p>\u201cEl Deportivo Toluca Futbol Club informa a su afici\u00f3n, medios de comunicaci\u00f3n y opini\u00f3n p\u00fablica que, despu\u00e9s de una reuni\u00f3n entre la directiva y el profesor Ignacio Ambriz Espinoza, se ha decidido dar por terminada su vinculaci\u00f3n contractual con nuestra instituci\u00f3n. Agradecemos su entrega, compromiso y profesionalismo, dese\u00e1ndole \u00e9xito en sus futuros proyectos personales\u201d, se lee en el comunicado.<br><\/p>\n\n\n\n<p>La noticia fue sorpresiva para la afici\u00f3n al equipo mexiquense, pues se dio a conocer a cuatro jornadas de finalizar la temporada regular del Apertura 2023 y comenzar a disputar la fase correspondiente a la ronda de play-in, as\u00ed como la liguilla.<br><\/p>\n\n\n\n<p>Cabe mencionar que, al t\u00e9rmino del encuentro de la jornada 13 ante el Club Le\u00f3n, cuando los Diablos Rojos de Toluca cayeron por el marcador de un gol por cero, Ignacio Ambriz declar\u00f3 su descontento con el funcionamiento que hab\u00eda tenido su equipo hasta ese momento del torneo, situaci\u00f3n que les hab\u00eda afectado en el \u00e1mbito estad\u00edstico.<br><\/p>\n\n\n\n<p>\u201cHemos mostrado mucha irregularidad, tanto en ataque como en defensa. Qu\u00e9 m\u00e1s me gustar\u00eda que el equipo tuviera m\u00e1s regularidad, no tener que regalar de repente los primeros tiempos y que reaccionemos ya despu\u00e9s de que nos hacen un gol y creo que ha sido una constancia de este torneo, la irregularidad que hemos tenido\u201d, expres\u00f3 en conferencia de prensa.<br><\/p>\n\n\n\n<p>Si bien en el Apertura 2023 el Club Deportivo Toluca se encuentra en una zona de la tabla donde pueden buscar, todav\u00eda, el pase directo a la liguilla, el estratega se habr\u00eda cansado de la p\u00e9rdida de puntos. Y es que el irregular rendimiento de los jugadores motiv\u00f3 que el cuadro no escalara m\u00e1s arriba en la clasificaci\u00f3n.<br><\/p>\n\n\n\n<p>Con 13 jornadas disputadas en el semestre vigente, el Toluca de Nacho Ambriz solamente logr\u00f3 cuatro victorias a cambio de seis empates y tres derrotas. Dicho r\u00e9cord le brind\u00f3 18 unidades que lo situaron en el octavo lugar. Incluso, se encontraron solamente a dos puntos de situarse en la zona de clasificaci\u00f3n directa a la liguilla del futbol mexicano.<br><\/p>\n\n\n\n<p>En el cierre del torneo, al equipo mexiquense le toca enfrentar a un solo equipo que se encuentra m\u00e1s arriba en la clasificaci\u00f3n, es decir el Atl\u00e9tico de San Luis en la jornada 14. De igual forma, har\u00e1 frente al Puebla, Santos y Mazatl\u00e1n, instituciones se ubican por debajo de ellos, en las jornadas subsecuentes. Ante dicho panorama, el Toluca podr\u00eda aspirar a la clasificaci\u00f3n directa, aunque con un nuevo estratega al frente.<\/p>\n","protected":false},"excerpt":{"rendered":"<p>El equipo con sede en la capital del Estado de M\u00e9xico anunci\u00f3 la finalizaci\u00f3n de la relaci\u00f3n laboral con su estratega. D\u00edas despu\u00e9s de que se diera a conocer el supuesto descontento del entrenador Ignacio Ambriz por el rendimiento del Club Deportivo Toluca, la instituci\u00f3n con sede en el Estado de M\u00e9xico anunci\u00f3 que dej\u00f3 [&hellip;]<\/p>\n","protected":false},"author":1,"featured_media":39561,"comment_status":"closed","ping_status":"closed","sticky":false,"template":"","format":"standard","meta":{"footnotes":""},"categories":[38],"tags":[],"class_list":["post-39560","post","type-post","status-publish","format-standard","has-post-thumbnail","hentry","category-deportes"],"_links":{"self":[{"href":"https:\/\/elinformante.mx\/index.php?rest_route=\/wp\/v2\/posts\/39560","targetHints":{"allow":["GET"]}}],"collection":[{"href":"https:\/\/elinformante.mx\/index.php?rest_route=\/wp\/v2\/posts"}],"about":[{"href":"https:\/\/elinformante.mx\/index.php?rest_route=\/wp\/v2\/types\/post"}],"author":[{"embeddable":true,"href":"https:\/\/elinformante.mx\/index.php?rest_route=\/wp\/v2\/users\/1"}],"replies":[{"embeddable":true,"href":"https:\/\/elinformante.mx\/index.php?rest_route=%2Fwp%2Fv2%2Fcomments&post=39560"}],"version-history":[{"count":0,"href":"https:\/\/elinformante.mx\/index.php?rest_route=\/wp\/v2\/posts\/39560\/revisions"}],"wp:featuredmedia":[{"embeddable":true,"href":"https:\/\/elinformante.mx\/index.php?rest_route=\/wp\/v2\/media\/39561"}],"wp:attachment":[{"href":"https:\/\/elinformante.mx\/index.php?rest_route=%2Fwp%2Fv2%2Fmedia&parent=39560"}],"wp:term":[{"taxonomy":"category","embeddable":true,"href":"https:\/\/elinformante.mx\/index.php?rest_route=%2Fwp%2Fv2%2Fcategories&post=39560"},{"taxonomy":"post_tag","embeddable":true,"href":"https:\/\/elinformante.mx\/index.php?rest_route=%2Fwp%2Fv2%2Ftags&post=39560"}],"curies":[{"name":"wp","href":"https:\/\/api.w.org\/{rel}","templated":true}]}}