{"id":39563,"date":"2023-10-26T14:29:00","date_gmt":"2023-10-26T14:29:00","guid":{"rendered":"https:\/\/elinformante.mx\/?p=39563"},"modified":"2023-10-26T14:29:00","modified_gmt":"2023-10-26T14:29:00","slug":"santi-gimenez-tiene-debut-de-ensueno-en-la-champions","status":"publish","type":"post","link":"https:\/\/elinformante.mx\/?p=39563","title":{"rendered":"Santi Gim\u00e9nez tiene debut de ensue\u00f1o en la Champions"},"content":{"rendered":"\n<blockquote class=\"wp-block-quote is-layout-flow wp-block-quote-is-layout-flow\">\n<p>El delantero mexicano consigui\u00f3 sus primeros goles en la competencia m\u00e1s prestigiosa de clubes en el mundo en el triunfo ante Lazio<\/p>\n<\/blockquote>\n\n\n\n<p>Santiago Gim\u00e9nez tuvo un debut de ensue\u00f1o en el mejor torneo de futbol a nivel de clubes. El atacante mexicano concret\u00f3 un estreno insospechable en la Champions League una vez que consigui\u00f3 doblete y de paso el Feyenoord logr\u00f3 un triunfo importante de 3-1 frente a la Lazio para mantener vivas sus aspiraciones de acceder a la siguiente instancia.<br><\/p>\n\n\n\n<p>La tercera fue la vencida para el futbolista tricolor, luego de que se perdi\u00f3 los dos primeros encuentros del certamen. No estuvo contra Celtic y Atl\u00e9tico de Madrid debido a que estaba suspendido por una roja en la UEFA Europa League de la campa\u00f1a pasada.<br><\/p>\n\n\n\n<p>El estratega Arne Slot reconoci\u00f3 que en el descalabro contra los colchoneros extra\u00f1\u00f3 el aporte de Santi. Una vez que el mexicano ya estuvo disponible para jugar el DT no dud\u00f3 en ocuparlo y Gim\u00e9nez respondi\u00f3 de la mejor manera.<br><\/p>\n\n\n\n<p>El mexicano actu\u00f3 como centro delantero frente al cuadro de la Lazio, un rival contra el que se siente c\u00f3modo, ya que precisamente en su estreno en competiciones europeas Gim\u00e9nez le marc\u00f3 doblete a los italianos en la Europa League anterior, aunque en aquella ocasi\u00f3n los romanos se hicieron del triunfo. Ahora la historia fue distinta, el mexicano repiti\u00f3 el doblete, pero su escuadra se qued\u00f3 con la victoria y de paso sucedi\u00f3 en la Champions.<br><\/p>\n\n\n\n<p>El mexicano acarici\u00f3 el primer tanto con cabezazo que se fue apenas por un costado de la meta defendida por Provedel y despu\u00e9s anotar\u00eda y festejar\u00eda, sin embargo, su tanto fue invalidado por fuera de juego revisado en el VAR.<br><\/p>\n\n\n\n<p>El exjugador del Cruz Azul para nada se achic\u00f3 y en los linderos del \u00e1rea recibi\u00f3 pase de Wieffer para darse la media vuelta ante la marca de Casale y con zurdazo guard\u00f3 el esf\u00e9rico en el fondo de las piolas a los 31 minutos. Con esta anotaci\u00f3n para el recuerdo Gim\u00e9nez se present\u00f3 en la Champions.<br><\/p>\n\n\n\n<p>Antes del descanso, Gim\u00e9nez fue amonestado por levantar la mano en una disputa en el aire con Casale, quien instantes m\u00e1s tarde tuvo su revancha y golpe\u00f3 al \u201cChaquito\u201d para que tambi\u00e9n viera el cart\u00f3n preventivo. Despu\u00e9s de eso, al 45+2\u2019, el Feyenoord estir\u00f3 la ventaja con un golazo del argelino Zerrouki tras una buena jugada de conjunto en una muestra de que el cuadro de Pa\u00edses Bajos era muy superior a los italianos, que no se encontraban en el campo.<br><\/p>\n\n\n\n<p>En la parte complementaria, Lazio tuvo una peque\u00f1a mejor\u00eda y los anfitriones retrocedieron l\u00edneas con la intenci\u00f3n de hacer da\u00f1o al contragolpe. Santi pr\u00e1cticamente amarr\u00f3 el triunfo del Feyenoord con el tercer tanto de su escuadra, el segundo en su cuenta personal. Un gol de centro delantero, el mexicano estuvo atento al rechace del guardameta para mover las redes, al 74\u2019.<br><\/p>\n\n\n\n<p>Cinco minutos m\u00e1s tarde sali\u00f3 entre aplausos y con varias banderas de M\u00e9xico ondeando, en otra prueba de lo querido que es en Rotterdam. En su lugar ingres\u00f3 el japon\u00e9s Ueda. Lazio descont\u00f3 de penal por conducto de Pedro Rodr\u00edguez al 83\u2019.<\/p>\n","protected":false},"excerpt":{"rendered":"<p>El delantero mexicano consigui\u00f3 sus primeros goles en la competencia m\u00e1s prestigiosa de clubes en el mundo en el triunfo ante Lazio Santiago Gim\u00e9nez tuvo un debut de ensue\u00f1o en el mejor torneo de futbol a nivel de clubes. El atacante mexicano concret\u00f3 un estreno insospechable en la Champions League una vez que consigui\u00f3 doblete [&hellip;]<\/p>\n","protected":false},"author":1,"featured_media":39564,"comment_status":"closed","ping_status":"closed","sticky":false,"template":"","format":"standard","meta":{"footnotes":""},"categories":[38],"tags":[],"class_list":["post-39563","post","type-post","status-publish","format-standard","has-post-thumbnail","hentry","category-deportes"],"_links":{"self":[{"href":"https:\/\/elinformante.mx\/index.php?rest_route=\/wp\/v2\/posts\/39563","targetHints":{"allow":["GET"]}}],"collection":[{"href":"https:\/\/elinformante.mx\/index.php?rest_route=\/wp\/v2\/posts"}],"about":[{"href":"https:\/\/elinformante.mx\/index.php?rest_route=\/wp\/v2\/types\/post"}],"author":[{"embeddable":true,"href":"https:\/\/elinformante.mx\/index.php?rest_route=\/wp\/v2\/users\/1"}],"replies":[{"embeddable":true,"href":"https:\/\/elinformante.mx\/index.php?rest_route=%2Fwp%2Fv2%2Fcomments&post=39563"}],"version-history":[{"count":0,"href":"https:\/\/elinformante.mx\/index.php?rest_route=\/wp\/v2\/posts\/39563\/revisions"}],"wp:featuredmedia":[{"embeddable":true,"href":"https:\/\/elinformante.mx\/index.php?rest_route=\/wp\/v2\/media\/39564"}],"wp:attachment":[{"href":"https:\/\/elinformante.mx\/index.php?rest_route=%2Fwp%2Fv2%2Fmedia&parent=39563"}],"wp:term":[{"taxonomy":"category","embeddable":true,"href":"https:\/\/elinformante.mx\/index.php?rest_route=%2Fwp%2Fv2%2Fcategories&post=39563"},{"taxonomy":"post_tag","embeddable":true,"href":"https:\/\/elinformante.mx\/index.php?rest_route=%2Fwp%2Fv2%2Ftags&post=39563"}],"curies":[{"name":"wp","href":"https:\/\/api.w.org\/{rel}","templated":true}]}}