{"id":39566,"date":"2023-10-26T14:30:23","date_gmt":"2023-10-26T14:30:23","guid":{"rendered":"https:\/\/elinformante.mx\/?p=39566"},"modified":"2023-10-26T14:30:24","modified_gmt":"2023-10-26T14:30:24","slug":"recibe-rector-de-la-uaemex-a-estudiantes-de-tecnologicos","status":"publish","type":"post","link":"https:\/\/elinformante.mx\/?p=39566","title":{"rendered":"Recibe rector de la UAEM\u00e9x a Estudiantes de Tecnol\u00f3gicos"},"content":{"rendered":"\n<blockquote class=\"wp-block-quote is-layout-flow wp-block-quote-is-layout-flow\">\n<p>Se trata de participantes del 8vo. Congreso Nacional de Arquitectura TESJo 2023.<\/p>\n<\/blockquote>\n\n\n\n<p>El rector de la Universidad Aut\u00f3noma del Estado de M\u00e9xico, Carlos Eduardo Barrera D\u00edaz, atendi\u00f3 a una delegaci\u00f3n de estudiantes que acudieron a verlo para conocer sobre la historia de la M\u00e1xima Casa de Estudios de la entidad.<br><\/p>\n\n\n\n<p>Mediante sus redes sociales, Barrera D\u00edaz expuso que los alumnos de diferentes Institutos Tecnol\u00f3gicos nacionales que participan en el 8vo. Congreso Nacional de Arquitectura TESJo 2023, fueron al Edificio Hist\u00f3rico de Rector\u00eda.<br><\/p>\n\n\n\n<p>\u201cConocieron un poco sobre la historia de nuestra casa de estudios. Fue un gusto saludarles\u201d, escribi\u00f3 el rector de la UAEM\u00e9x.<\/p>\n","protected":false},"excerpt":{"rendered":"<p>Se trata de participantes del 8vo. Congreso Nacional de Arquitectura TESJo 2023. El rector de la Universidad Aut\u00f3noma del Estado de M\u00e9xico, Carlos Eduardo Barrera D\u00edaz, atendi\u00f3 a una delegaci\u00f3n de estudiantes que acudieron a verlo para conocer sobre la historia de la M\u00e1xima Casa de Estudios de la entidad. Mediante sus redes sociales, Barrera [&hellip;]<\/p>\n","protected":false},"author":1,"featured_media":39567,"comment_status":"closed","ping_status":"closed","sticky":false,"template":"","format":"standard","meta":{"footnotes":""},"categories":[36],"tags":[],"class_list":["post-39566","post","type-post","status-publish","format-standard","has-post-thumbnail","hentry","category-edomex"],"_links":{"self":[{"href":"https:\/\/elinformante.mx\/index.php?rest_route=\/wp\/v2\/posts\/39566","targetHints":{"allow":["GET"]}}],"collection":[{"href":"https:\/\/elinformante.mx\/index.php?rest_route=\/wp\/v2\/posts"}],"about":[{"href":"https:\/\/elinformante.mx\/index.php?rest_route=\/wp\/v2\/types\/post"}],"author":[{"embeddable":true,"href":"https:\/\/elinformante.mx\/index.php?rest_route=\/wp\/v2\/users\/1"}],"replies":[{"embeddable":true,"href":"https:\/\/elinformante.mx\/index.php?rest_route=%2Fwp%2Fv2%2Fcomments&post=39566"}],"version-history":[{"count":0,"href":"https:\/\/elinformante.mx\/index.php?rest_route=\/wp\/v2\/posts\/39566\/revisions"}],"wp:featuredmedia":[{"embeddable":true,"href":"https:\/\/elinformante.mx\/index.php?rest_route=\/wp\/v2\/media\/39567"}],"wp:attachment":[{"href":"https:\/\/elinformante.mx\/index.php?rest_route=%2Fwp%2Fv2%2Fmedia&parent=39566"}],"wp:term":[{"taxonomy":"category","embeddable":true,"href":"https:\/\/elinformante.mx\/index.php?rest_route=%2Fwp%2Fv2%2Fcategories&post=39566"},{"taxonomy":"post_tag","embeddable":true,"href":"https:\/\/elinformante.mx\/index.php?rest_route=%2Fwp%2Fv2%2Ftags&post=39566"}],"curies":[{"name":"wp","href":"https:\/\/api.w.org\/{rel}","templated":true}]}}