{"id":39573,"date":"2023-10-26T14:39:50","date_gmt":"2023-10-26T14:39:50","guid":{"rendered":"https:\/\/elinformante.mx\/?p=39573"},"modified":"2023-10-26T14:39:51","modified_gmt":"2023-10-26T14:39:51","slug":"acude-fernando-flores-a-la-inauguracion-de-la-reunion-nacional-de-tecnologias-conalep-2023","status":"publish","type":"post","link":"https:\/\/elinformante.mx\/?p=39573","title":{"rendered":"Acude Fernando Flores a la inauguraci\u00f3n de la Reuni\u00f3n Nacional de Tecnolog\u00edas CONALEP 2023"},"content":{"rendered":"\n<blockquote class=\"wp-block-quote is-layout-flow wp-block-quote-is-layout-flow\">\n<p>Durante la reuni\u00f3n se llevar\u00e1n a cabo talleres de rob\u00f3tica y los laboratorios de realidad virtual.<\/p>\n<\/blockquote>\n\n\n\n<p>El presidente municipal Fernando Flores Fern\u00e1ndez acudi\u00f3 a la Inauguraci\u00f3n de la Reuni\u00f3n Nacional de Tecnolog\u00edas CONALEP 2023, donde pudo platicar con los alumnos y autoridades sobre \u201cLa Inteligencia Artificial, su Interdisciplinariedad y Aplicaciones para Abordar los 17 Objetivos del Desarrollo Sostenible de la Agenda 2030\u201d.<br><\/p>\n\n\n\n<p>Durante su ponencia el Alcalde de Metepec hizo menci\u00f3n de lo orgulloso que se siente el poder contar el pa\u00eds y en el municipio con una instituci\u00f3n como el CONALEP.<br><\/p>\n\n\n\n<p>Record\u00f3 que hasta hace algunos a\u00f1os, enviar un mensaje, realizar una conexi\u00f3n, entablar una comunicaci\u00f3n en todo el pa\u00eds era pr\u00e1cticamente imposible. El CONALEP fue una de las instituciones que m\u00e1s apoyado el desarrollo de la educaci\u00f3n t\u00e9cnica.<br><\/p>\n\n\n\n<p>El dinamismo con que trabaj\u00f3 d\u00eda a d\u00eda la instituci\u00f3n, que plant\u00f3 las semillas del progreso, hoy ha dado sus primeros frutos en cuanto al avance y la educaci\u00f3n en el \u00e1mbito tecnol\u00f3gico.<br><\/p>\n\n\n\n<p>Agradeci\u00f3 Flores Fern\u00e1ndez a las autoridades del CONALEP, por elegir el municipio de Metepec para llevar a cabo esta importante reuni\u00f3n.<br><\/p>\n\n\n\n<figure class=\"wp-block-image size-large\"><img fetchpriority=\"high\" decoding=\"async\" width=\"1024\" height=\"503\" src=\"https:\/\/elinformante.mx\/wp-content\/uploads\/2023\/10\/acude-fernando-23-1024x503.jpg\" alt=\"\" class=\"wp-image-39575\" srcset=\"https:\/\/elinformante.mx\/wp-content\/uploads\/2023\/10\/acude-fernando-23-1024x503.jpg 1024w, https:\/\/elinformante.mx\/wp-content\/uploads\/2023\/10\/acude-fernando-23-300x147.jpg 300w, https:\/\/elinformante.mx\/wp-content\/uploads\/2023\/10\/acude-fernando-23-768x377.jpg 768w, https:\/\/elinformante.mx\/wp-content\/uploads\/2023\/10\/acude-fernando-23-580x285.jpg 580w, https:\/\/elinformante.mx\/wp-content\/uploads\/2023\/10\/acude-fernando-23-860x422.jpg 860w, https:\/\/elinformante.mx\/wp-content\/uploads\/2023\/10\/acude-fernando-23.jpg 1140w\" sizes=\"(max-width: 1024px) 100vw, 1024px\" \/><\/figure>\n\n\n\n<p>Confirm\u00f3 que Metepec se encuentra luchando para que sus j\u00f3venes puedan educarse en una tierra que basa sus armas en la educaci\u00f3n de cada uno de sus ciudadanos, que apoya el crecimiento del desarrollo.<br><\/p>\n\n\n\n<p>Agradeci\u00f3 y felicit\u00f3 a cada uno de los que participar\u00e1n en los talleres de rob\u00f3tica y los laboratorios de realidad virtual.<br><\/p>\n\n\n\n<p>Fernando Flores recalc\u00f3 que Metepec es un lugar de emprendimiento, un lugar de desarrolladores de tecnolog\u00edas, en donde se impulsan los proyectos, un municipio que abrir\u00e1 en poco tiempo centros de participaci\u00f3n y capacitaci\u00f3n tecnol\u00f3gica.<br><\/p>\n\n\n\n<p>En Metepec apostamos al futuro, afirm\u00f3 el alcalde, por eso desde ya lo estamos empezando a construir, construimos el nuevo Metepec, el Metepec que requiere nuestro pa\u00eds, el de la tecnolog\u00eda de punta, el de los sistemas avanzados, el de los conocimientos cient\u00edficos y del conocimiento t\u00e9cnico, por eso apoyamos a instituciones como CONALEP, semillero de talentos que nos sorprender\u00e1n con innovaciones tecnol\u00f3gica y nuevas herramientas para facilitar y eficientar todas nuestras tareas y nuestro nivel de vida.<br><\/p>\n\n\n\n<p>Por \u00faltimo menciono que se espera que los trabajos desarrollados en esta sede nacional sean para bien de las y los mexicanos.<\/p>\n","protected":false},"excerpt":{"rendered":"<p>Durante la reuni\u00f3n se llevar\u00e1n a cabo talleres de rob\u00f3tica y los laboratorios de realidad virtual. El presidente municipal Fernando Flores Fern\u00e1ndez acudi\u00f3 a la Inauguraci\u00f3n de la Reuni\u00f3n Nacional de Tecnolog\u00edas CONALEP 2023, donde pudo platicar con los alumnos y autoridades sobre \u201cLa Inteligencia Artificial, su Interdisciplinariedad y Aplicaciones para Abordar los 17 Objetivos [&hellip;]<\/p>\n","protected":false},"author":1,"featured_media":39574,"comment_status":"closed","ping_status":"closed","sticky":false,"template":"","format":"standard","meta":{"footnotes":""},"categories":[36],"tags":[],"class_list":["post-39573","post","type-post","status-publish","format-standard","has-post-thumbnail","hentry","category-edomex"],"_links":{"self":[{"href":"https:\/\/elinformante.mx\/index.php?rest_route=\/wp\/v2\/posts\/39573","targetHints":{"allow":["GET"]}}],"collection":[{"href":"https:\/\/elinformante.mx\/index.php?rest_route=\/wp\/v2\/posts"}],"about":[{"href":"https:\/\/elinformante.mx\/index.php?rest_route=\/wp\/v2\/types\/post"}],"author":[{"embeddable":true,"href":"https:\/\/elinformante.mx\/index.php?rest_route=\/wp\/v2\/users\/1"}],"replies":[{"embeddable":true,"href":"https:\/\/elinformante.mx\/index.php?rest_route=%2Fwp%2Fv2%2Fcomments&post=39573"}],"version-history":[{"count":0,"href":"https:\/\/elinformante.mx\/index.php?rest_route=\/wp\/v2\/posts\/39573\/revisions"}],"wp:featuredmedia":[{"embeddable":true,"href":"https:\/\/elinformante.mx\/index.php?rest_route=\/wp\/v2\/media\/39574"}],"wp:attachment":[{"href":"https:\/\/elinformante.mx\/index.php?rest_route=%2Fwp%2Fv2%2Fmedia&parent=39573"}],"wp:term":[{"taxonomy":"category","embeddable":true,"href":"https:\/\/elinformante.mx\/index.php?rest_route=%2Fwp%2Fv2%2Fcategories&post=39573"},{"taxonomy":"post_tag","embeddable":true,"href":"https:\/\/elinformante.mx\/index.php?rest_route=%2Fwp%2Fv2%2Ftags&post=39573"}],"curies":[{"name":"wp","href":"https:\/\/api.w.org\/{rel}","templated":true}]}}