{"id":39581,"date":"2023-10-26T14:48:28","date_gmt":"2023-10-26T14:48:28","guid":{"rendered":"https:\/\/elinformante.mx\/?p=39581"},"modified":"2023-10-26T14:48:29","modified_gmt":"2023-10-26T14:48:29","slug":"inaugura-pjedomex-congreso-de-psicologia-juridica","status":"publish","type":"post","link":"https:\/\/elinformante.mx\/?p=39581","title":{"rendered":"Inaugura PJEdom\u00e9x Congreso de Psicolog\u00eda Jur\u00eddica"},"content":{"rendered":"\n<blockquote class=\"wp-block-quote is-layout-flow wp-block-quote-is-layout-flow\">\n<p>Ricardo Sodi Cuellar, quien inaugur\u00f3, mencion\u00f3 la gran necesidad que se tiene de formar expertos en temas jurisdiccionales, siendo el congreso una gran oportunidad para generar inter\u00e9s en el tema.<\/p>\n<\/blockquote>\n\n\n\n<p>El Poder Judicial del Estado de M\u00e9xico dio la bienvenida a estudiantes, servidores p\u00fablicos, practicantes y doctorandos al Congreso Nacional de Psicolog\u00eda Jur\u00eddica 2023,el cual se llevar\u00e1 a cabo del 25 al 27 de octubre.<br><\/p>\n\n\n\n<p>Al inaugurar el \u201cCongreso Nacional de Psicolog\u00eda Jur\u00eddica 2023\u201d, Ricardo Sodi Cuellar, titular del Poder Judicial del Estado de M\u00e9xico expres\u00f3 que una vez m\u00e1s se convoca a la sociedad a la reflexi\u00f3n, an\u00e1lisis, estudio y di\u00e1logo sobre los fen\u00f3menos de la psicolog\u00eda forense.<br><\/p>\n\n\n\n<p>En el Aula Magna \u201cMgdo. Lic. Gustavo A. Barrera Graf\u201d de la Escuela Judicial EJEM, Sodi Cuellar mencion\u00f3 los temas centrales de este congreso: fen\u00f3menos sociales actuales; herramientas y retos de la psicolog\u00eda jur\u00eddica en la impartici\u00f3n de justicia; al tiempo que destac\u00f3 la participaci\u00f3n de m\u00e1s de mil personas de manera presencial y en l\u00ednea, entre ellas estudiantes de diversas universidades a quienes reiter\u00f3 que el PJEdomex es una instituci\u00f3n s\u00f3lida y firme para encausar su vida profesional.<br><\/p>\n\n\n\n<p>Fue el presidente del Tribunal Superior de Justicia y del Consejo de la Judicatura del Poder Judicial del Estado de M\u00e9xico, Ricardo Sodi Cuellar quien inaugur\u00f3 dicho congreso y mencion\u00f3 la gran necesidad que se tiene de formar expertos en temas jurisdiccionales, siendo el congreso una gran oportunidad para generar inter\u00e9s en el tema.<br><\/p>\n\n\n\n<figure class=\"wp-block-image size-large\"><img fetchpriority=\"high\" decoding=\"async\" width=\"1024\" height=\"503\" src=\"https:\/\/elinformante.mx\/wp-content\/uploads\/2023\/10\/INAUGURAN-CONGRESO-2-1024x503.jpg\" alt=\"\" class=\"wp-image-39583\" srcset=\"https:\/\/elinformante.mx\/wp-content\/uploads\/2023\/10\/INAUGURAN-CONGRESO-2-1024x503.jpg 1024w, https:\/\/elinformante.mx\/wp-content\/uploads\/2023\/10\/INAUGURAN-CONGRESO-2-300x147.jpg 300w, https:\/\/elinformante.mx\/wp-content\/uploads\/2023\/10\/INAUGURAN-CONGRESO-2-768x377.jpg 768w, https:\/\/elinformante.mx\/wp-content\/uploads\/2023\/10\/INAUGURAN-CONGRESO-2-580x285.jpg 580w, https:\/\/elinformante.mx\/wp-content\/uploads\/2023\/10\/INAUGURAN-CONGRESO-2-860x422.jpg 860w, https:\/\/elinformante.mx\/wp-content\/uploads\/2023\/10\/INAUGURAN-CONGRESO-2.jpg 1140w\" sizes=\"(max-width: 1024px) 100vw, 1024px\" \/><\/figure>\n\n\n\n<p>Adem\u00e1s mencion\u00f3 que como parte de la administraci\u00f3n del Poder Judicial del Estado de M\u00e9xico se lanzar\u00e1n convocatorias para servicio social, pr\u00e1cticas profesionales y pr\u00e1cticas meritorias para estudiantes.<br><\/p>\n\n\n\n<p>Por \u00faltimo, anunci\u00f3 la publicaci\u00f3n de manuales con temas en servicios periciales en materia de psicolog\u00eda forense, trabajo social, criminal\u00edstica forense, feminicidio, violaciones y acoso dirigidos a jueces, comisi\u00f3n de v\u00edctimas, consejer\u00eda jur\u00eddica, universidades y para la sociedad en general as\u00ed puedan conocer y aprender el ejercicio de la justicia.<br><\/p>\n\n\n\n<p>Como parte del primer d\u00eda se llevaron a cabo dos paneles y tres conferencias; la primera de ellas estuvo a cargo de Mar\u00eda Sol Berenice Salgado Ambros, Titular de la Comisi\u00f3n estatal de B\u00fasqueda de Personas, quien habl\u00f3 sobre la \u201cPsicolog\u00eda de la Norma Jur\u00eddica\u201d y explic\u00f3 que est\u00e1 tiene tres vertientes en el derecho: regular la conducta en sociedad, entender la actuaci\u00f3n de cada parte y la intervenci\u00f3n judicial.<br><\/p>\n\n\n\n<p>En esta jornada tambi\u00e9n se dict\u00f3 la conferencia \u201cNi\u00f1as, Ni\u00f1os y Adolescentes en el Derecho de Familia\u201d, a cargo de Jos\u00e9 Antonio Unzueta Floranes, Presidente de la Sociedad Mexicana de Ciencias del Comportamiento y, el panel \u201cLa Psicolog\u00eda Jur\u00eddica como Apoyo para el Acceso a la Justicia y Derechos Humanos de los Grupos en Situaci\u00f3n de Vulnerabilidad\u201d, en el que participaron las docentes Leonor Guadalupe Delgadillo Guzm\u00e1n, de la Facultad de Ciencias de la Conducta y Mar\u00eda Bel\u00e9n Herrero Mart\u00edn, de la Facultad de Ciencias Pol\u00edticas y Sociales, ambas de la UAEMex y, Rosa Mar\u00eda Castro Salinas, activista, especialista en igualdad de g\u00e9nero, derechos de ni\u00f1as, ni\u00f1os y adolescentes, pueblos y comunidades ind\u00edgenas y afromexicanas.<\/p>\n","protected":false},"excerpt":{"rendered":"<p>Ricardo Sodi Cuellar, quien inaugur\u00f3, mencion\u00f3 la gran necesidad que se tiene de formar expertos en temas jurisdiccionales, siendo el congreso una gran oportunidad para generar inter\u00e9s en el tema. El Poder Judicial del Estado de M\u00e9xico dio la bienvenida a estudiantes, servidores p\u00fablicos, practicantes y doctorandos al Congreso Nacional de Psicolog\u00eda Jur\u00eddica 2023,el cual [&hellip;]<\/p>\n","protected":false},"author":1,"featured_media":39582,"comment_status":"closed","ping_status":"closed","sticky":false,"template":"","format":"standard","meta":{"footnotes":""},"categories":[36],"tags":[],"class_list":["post-39581","post","type-post","status-publish","format-standard","has-post-thumbnail","hentry","category-edomex"],"_links":{"self":[{"href":"https:\/\/elinformante.mx\/index.php?rest_route=\/wp\/v2\/posts\/39581","targetHints":{"allow":["GET"]}}],"collection":[{"href":"https:\/\/elinformante.mx\/index.php?rest_route=\/wp\/v2\/posts"}],"about":[{"href":"https:\/\/elinformante.mx\/index.php?rest_route=\/wp\/v2\/types\/post"}],"author":[{"embeddable":true,"href":"https:\/\/elinformante.mx\/index.php?rest_route=\/wp\/v2\/users\/1"}],"replies":[{"embeddable":true,"href":"https:\/\/elinformante.mx\/index.php?rest_route=%2Fwp%2Fv2%2Fcomments&post=39581"}],"version-history":[{"count":0,"href":"https:\/\/elinformante.mx\/index.php?rest_route=\/wp\/v2\/posts\/39581\/revisions"}],"wp:featuredmedia":[{"embeddable":true,"href":"https:\/\/elinformante.mx\/index.php?rest_route=\/wp\/v2\/media\/39582"}],"wp:attachment":[{"href":"https:\/\/elinformante.mx\/index.php?rest_route=%2Fwp%2Fv2%2Fmedia&parent=39581"}],"wp:term":[{"taxonomy":"category","embeddable":true,"href":"https:\/\/elinformante.mx\/index.php?rest_route=%2Fwp%2Fv2%2Fcategories&post=39581"},{"taxonomy":"post_tag","embeddable":true,"href":"https:\/\/elinformante.mx\/index.php?rest_route=%2Fwp%2Fv2%2Ftags&post=39581"}],"curies":[{"name":"wp","href":"https:\/\/api.w.org\/{rel}","templated":true}]}}