{"id":39585,"date":"2023-10-26T14:50:11","date_gmt":"2023-10-26T14:50:11","guid":{"rendered":"https:\/\/elinformante.mx\/?p=39585"},"modified":"2023-10-26T14:50:11","modified_gmt":"2023-10-26T14:50:11","slug":"haran-inspecciones-en-campos-agricolas-de-michoacan-para-evitar-trabajo-infantil","status":"publish","type":"post","link":"https:\/\/elinformante.mx\/?p=39585","title":{"rendered":"Har\u00e1n inspecciones en campos agr\u00edcolas de Michoac\u00e1n para evitar trabajo infantil"},"content":{"rendered":"\n<blockquote class=\"wp-block-quote is-layout-flow wp-block-quote-is-layout-flow\">\n<p>Michoac\u00e1n ocupa el lugar 30 a nivel nacional en cuanto al riesgo del trabajo infantil.<\/p>\n<\/blockquote>\n\n\n\n<p>La subsecretar\u00eda de Trabajo y Previsi\u00f3n Social, Laura Yunuen Mej\u00eda B\u00e9jar, indic\u00f3 que en los pr\u00f3ximos meses se realizar\u00e1n inspecciones en campos agr\u00edcolas de Michoac\u00e1n, para detectar y evitar el trabajo infantil.<br><\/p>\n\n\n\n<p>Aunque no dio fechas, mencion\u00f3 que ser\u00e1n sobre todo en los campos de lim\u00f3n, aguacate, berries y mango, donde las infancias suelen acompa\u00f1ar a sus padres a las jornadas de trabajo.<br><\/p>\n\n\n\n<p>Descart\u00f3 que en las huertas de aguacate se de esta situaci\u00f3n por la complejidad de las actividades, sin embargo, apunt\u00f3 que \u201cestamos pendientes de detectarlo, se sanciona, no debe existir\u201d.<br><\/p>\n\n\n\n<p>Agreg\u00f3 que el pr\u00f3ximo mi\u00e9rcoles, jueves y viernes, la entidad participar\u00e1 en una actividad en M\u00e9rida, Yucat\u00e1n para erradicar y prevenir el trabajo infantil.<br><\/p>\n\n\n\n<p>El Atlas de trabajo infantil en M\u00e9xico elaborado por Save the Children indica que Michoac\u00e1n ocupa el lugar 30 a nivel nacional en cuanto a al riesgo del trabajo infantil y el 29 en cuanto a presencia de trabajo infantil; en las primeras posiciones se encuentran Baja California, Ciudad de M\u00e9xico y Nuevo Le\u00f3n.<\/p>\n","protected":false},"excerpt":{"rendered":"<p>Michoac\u00e1n ocupa el lugar 30 a nivel nacional en cuanto al riesgo del trabajo infantil. La subsecretar\u00eda de Trabajo y Previsi\u00f3n Social, Laura Yunuen Mej\u00eda B\u00e9jar, indic\u00f3 que en los pr\u00f3ximos meses se realizar\u00e1n inspecciones en campos agr\u00edcolas de Michoac\u00e1n, para detectar y evitar el trabajo infantil. Aunque no dio fechas, mencion\u00f3 que ser\u00e1n sobre [&hellip;]<\/p>\n","protected":false},"author":1,"featured_media":39586,"comment_status":"closed","ping_status":"closed","sticky":false,"template":"","format":"standard","meta":{"footnotes":""},"categories":[34],"tags":[],"class_list":["post-39585","post","type-post","status-publish","format-standard","has-post-thumbnail","hentry","category-nacional"],"_links":{"self":[{"href":"https:\/\/elinformante.mx\/index.php?rest_route=\/wp\/v2\/posts\/39585","targetHints":{"allow":["GET"]}}],"collection":[{"href":"https:\/\/elinformante.mx\/index.php?rest_route=\/wp\/v2\/posts"}],"about":[{"href":"https:\/\/elinformante.mx\/index.php?rest_route=\/wp\/v2\/types\/post"}],"author":[{"embeddable":true,"href":"https:\/\/elinformante.mx\/index.php?rest_route=\/wp\/v2\/users\/1"}],"replies":[{"embeddable":true,"href":"https:\/\/elinformante.mx\/index.php?rest_route=%2Fwp%2Fv2%2Fcomments&post=39585"}],"version-history":[{"count":0,"href":"https:\/\/elinformante.mx\/index.php?rest_route=\/wp\/v2\/posts\/39585\/revisions"}],"wp:featuredmedia":[{"embeddable":true,"href":"https:\/\/elinformante.mx\/index.php?rest_route=\/wp\/v2\/media\/39586"}],"wp:attachment":[{"href":"https:\/\/elinformante.mx\/index.php?rest_route=%2Fwp%2Fv2%2Fmedia&parent=39585"}],"wp:term":[{"taxonomy":"category","embeddable":true,"href":"https:\/\/elinformante.mx\/index.php?rest_route=%2Fwp%2Fv2%2Fcategories&post=39585"},{"taxonomy":"post_tag","embeddable":true,"href":"https:\/\/elinformante.mx\/index.php?rest_route=%2Fwp%2Fv2%2Ftags&post=39585"}],"curies":[{"name":"wp","href":"https:\/\/api.w.org\/{rel}","templated":true}]}}