{"id":39588,"date":"2023-10-26T14:53:27","date_gmt":"2023-10-26T14:53:27","guid":{"rendered":"https:\/\/elinformante.mx\/?p=39588"},"modified":"2023-10-26T14:53:28","modified_gmt":"2023-10-26T14:53:28","slug":"realiza-uaemex-colecta-para-damnificados-de-guerrero","status":"publish","type":"post","link":"https:\/\/elinformante.mx\/?p=39588","title":{"rendered":"Realiza UAEM\u00e9x colecta para damnificados de Guerrero"},"content":{"rendered":"\n<blockquote class=\"wp-block-quote is-layout-flow wp-block-quote-is-layout-flow\">\n<p>La poblaci\u00f3n puede donar alimentos no perecederos como: at\u00fan, agua embotellada de preferencia de 600 mililitros, frijoles enlatados, vegetales enlatados, caf\u00e9 soluble, leche en polvo, pan, alimento para beb\u00e9, avena, cereales, jugos, galletas, frutas enlatadas, alimento para mascotas y m\u00e1s.<\/p>\n<\/blockquote>\n\n\n\n<p>La Universidad Aut\u00f3noma del Estado de M\u00e9xico (UAEM\u00e9x), realiza una colecta de v\u00edveres para los damnificados del estado de Guerrero por el hurac\u00e1n Otis, que toc\u00f3 tierra la madrugada de este mi\u00e9rcoles en Acapulco.<br><\/p>\n\n\n\n<p>A trav\u00e9s de sus redes sociales, la M\u00e1xima Casa de Estudios Mexiquense, impulsa esta campa\u00f1a para apoyar a las familias guerrerenses que est\u00e1n padeciendo ante este fen\u00f3meno.<br><\/p>\n\n\n\n<p>De acuerdo con la UAEM\u00e9x, la poblaci\u00f3n puede donar alimentos no perecederos como: at\u00fan, agua embotellada de preferencia de 600 mililitros, frijoles enlatados, vegetales enlatados, caf\u00e9 soluble, leche en polvo, pan, alimento para beb\u00e9, avena, cereales, jugos, galletas, frutas enlatadas, alimento para mascotas y m\u00e1s.<br><\/p>\n\n\n\n<p>Tambi\u00e9n productos sanitarios como: gel antibacterial, agua oxigenada, algod\u00f3n, pa\u00f1ales para beb\u00e9, toallas sanitarias, jab\u00f3n de ba\u00f1o, cepillo y pasta de dientes, papel higi\u00e9nico, insumos de limpieza, toallas h\u00famedas, jergas, vendas o gasas, cubrebocas, cloro y m\u00e1s.<br><\/p>\n\n\n\n<p>La Universidad, habilit\u00f3 dos centros de acopio, uno en el Edificio Hist\u00f3rico de Rector\u00eda en Toluca y un segundo en el Campus de Valle de Chalco. La campa\u00f1a estar\u00e1 activa hasta el 27 de octubre y los horarios de recolecci\u00f3n son de 9:00 a 21:00.<br><\/p>\n\n\n\n<p>Cabe mencionar que la instituci\u00f3n habilit\u00f3 estos dos puntos que considera que son centrales para la poblaci\u00f3n mexiquense tanto de la regi\u00f3n del Valle de Toluca como de la zona oriente.<br><\/p>\n\n\n\n<p>\u201c\u00a1\u00danete a la causa! Las personas afectadas por el hurac\u00e1n Otis necesitan nuestra ayuda. Les invitamos a participar en la colecta de v\u00edveres y compartir con quienes m\u00e1s lo necesitan\u201d, se lee en redes sociales.<\/p>\n","protected":false},"excerpt":{"rendered":"<p>La poblaci\u00f3n puede donar alimentos no perecederos como: at\u00fan, agua embotellada de preferencia de 600 mililitros, frijoles enlatados, vegetales enlatados, caf\u00e9 soluble, leche en polvo, pan, alimento para beb\u00e9, avena, cereales, jugos, galletas, frutas enlatadas, alimento para mascotas y m\u00e1s. La Universidad Aut\u00f3noma del Estado de M\u00e9xico (UAEM\u00e9x), realiza una colecta de v\u00edveres para los [&hellip;]<\/p>\n","protected":false},"author":1,"featured_media":39589,"comment_status":"closed","ping_status":"closed","sticky":false,"template":"","format":"standard","meta":{"footnotes":""},"categories":[36],"tags":[],"class_list":["post-39588","post","type-post","status-publish","format-standard","has-post-thumbnail","hentry","category-edomex"],"_links":{"self":[{"href":"https:\/\/elinformante.mx\/index.php?rest_route=\/wp\/v2\/posts\/39588","targetHints":{"allow":["GET"]}}],"collection":[{"href":"https:\/\/elinformante.mx\/index.php?rest_route=\/wp\/v2\/posts"}],"about":[{"href":"https:\/\/elinformante.mx\/index.php?rest_route=\/wp\/v2\/types\/post"}],"author":[{"embeddable":true,"href":"https:\/\/elinformante.mx\/index.php?rest_route=\/wp\/v2\/users\/1"}],"replies":[{"embeddable":true,"href":"https:\/\/elinformante.mx\/index.php?rest_route=%2Fwp%2Fv2%2Fcomments&post=39588"}],"version-history":[{"count":0,"href":"https:\/\/elinformante.mx\/index.php?rest_route=\/wp\/v2\/posts\/39588\/revisions"}],"wp:featuredmedia":[{"embeddable":true,"href":"https:\/\/elinformante.mx\/index.php?rest_route=\/wp\/v2\/media\/39589"}],"wp:attachment":[{"href":"https:\/\/elinformante.mx\/index.php?rest_route=%2Fwp%2Fv2%2Fmedia&parent=39588"}],"wp:term":[{"taxonomy":"category","embeddable":true,"href":"https:\/\/elinformante.mx\/index.php?rest_route=%2Fwp%2Fv2%2Fcategories&post=39588"},{"taxonomy":"post_tag","embeddable":true,"href":"https:\/\/elinformante.mx\/index.php?rest_route=%2Fwp%2Fv2%2Ftags&post=39588"}],"curies":[{"name":"wp","href":"https:\/\/api.w.org\/{rel}","templated":true}]}}