{"id":39591,"date":"2023-10-26T14:55:44","date_gmt":"2023-10-26T14:55:44","guid":{"rendered":"https:\/\/elinformante.mx\/?p=39591"},"modified":"2023-10-26T14:55:45","modified_gmt":"2023-10-26T14:55:45","slug":"azucena-cisneros-convoca-a-revision-de-aplicacion-de-la-ley-de-periodistas","status":"publish","type":"post","link":"https:\/\/elinformante.mx\/?p=39591","title":{"rendered":"Azucena Cisneros convoca a revisi\u00f3n de aplicaci\u00f3n de la Ley de Periodistas"},"content":{"rendered":"\n<blockquote class=\"wp-block-quote is-layout-flow wp-block-quote-is-layout-flow\">\n<p>Integrantes del mecanismo y reporteros apuestan a prevenci\u00f3n para evitar agresiones.<\/p>\n<\/blockquote>\n\n\n\n<p>Azucena Cisneros Coss, diputada del Grupo Parlamentario de Morena y principal impulsora de la Ley para la Protecci\u00f3n Integral de Periodistas y Personas Defensoras de Derechos Humanos publicada el 31 de mayo de 2021, se\u00f1al\u00f3 que requiere revisarse para analizar lo que si ha funcionado y todo aquello que amerita modificarse para que se garantice, en todo momento, un entorno libre y seguro para aquellos que realizan la labor informativa y\/o ejercen la libertad de expresi\u00f3n, que sin duda alguna es parte medular de la democracia.<br><\/p>\n\n\n\n<p>Acompa\u00f1ada por Gretel Gonz\u00e1lez Aguirre diputada del PRI y presidenta de la Comisi\u00f3n Legislativa de Comunicaci\u00f3n Social; Faustino de la Cruz P\u00e9rez diputado de Morena; Jes\u00fas George Zamora, titular de la Consejer\u00eda Jur\u00eddica del Gobierno estatal, Lorena Heb\u00e9 Moreno Serna, coordinadora ejecutiva del Mecanismo para la Protecci\u00f3n Integral de Periodistas y Personas Defensoras de Derechos Humanos de la entidad, junto con decenas de periodistas, directores de medios de comunicaci\u00f3n, Cisneros Coss, precis\u00f3 que la operatividad de la Ley requiere del compromiso y corresponsabilidad de todos, especialmente de las autoridades.<br><\/p>\n\n\n\n<p>Durante el Foro \u201cA dos a\u00f1os de la entrada en vigor de la Ley para la Protecci\u00f3n Integral de Periodistas y Personas Defensoras de Derechos Humanos\u201d, enfatiz\u00f3 que \u201c\u2026de acuerdo con el informe sobre violencia contra la prensa en M\u00e9xico presentado por Art\u00edculo 19 para el periodo del 1ero. de enero de 2023 al 30 de junio 2023, se registraron 272 agresiones, siendo el estado el principal agresor contra la prensa en M\u00e9xico. Durante estos primeros seis meses del 2023, las autoridades fueron responsables de perpetrar 140 agresiones, es decir 1 de cada 2 ataques contra periodistas y medios\u201d.<br><\/p>\n\n\n\n<p>La diputada Azucena Cisneros, a\u00f1adi\u00f3 que procesos de capacitaci\u00f3n y sensibilizaci\u00f3n de manera permanente a los servidores p\u00fablicos en materia de derechos humanos, libertad de expresi\u00f3n, trato con personas v\u00edctimas y enfoque psicosocial tiene que ser una prioridad.<br><\/p>\n\n\n\n<figure class=\"wp-block-image size-large\"><img fetchpriority=\"high\" decoding=\"async\" width=\"1024\" height=\"503\" src=\"https:\/\/elinformante.mx\/wp-content\/uploads\/2023\/10\/AZUCENA-2-1024x503.jpg\" alt=\"\" class=\"wp-image-39593\" srcset=\"https:\/\/elinformante.mx\/wp-content\/uploads\/2023\/10\/AZUCENA-2-1024x503.jpg 1024w, https:\/\/elinformante.mx\/wp-content\/uploads\/2023\/10\/AZUCENA-2-300x147.jpg 300w, https:\/\/elinformante.mx\/wp-content\/uploads\/2023\/10\/AZUCENA-2-768x377.jpg 768w, https:\/\/elinformante.mx\/wp-content\/uploads\/2023\/10\/AZUCENA-2-580x285.jpg 580w, https:\/\/elinformante.mx\/wp-content\/uploads\/2023\/10\/AZUCENA-2-860x422.jpg 860w, https:\/\/elinformante.mx\/wp-content\/uploads\/2023\/10\/AZUCENA-2.jpg 1140w\" sizes=\"(max-width: 1024px) 100vw, 1024px\" \/><\/figure>\n\n\n\n<p>La legisladora que representa al Distrito VIII de Ecatepec, resalt\u00f3 la importancia social del trabajo de Periodistas y Personas Defensoras de Derechos Humanos, por ello, puntualiz\u00f3, el objetivo de la revisi\u00f3n de la Ley es garantizar su seguridad y protecci\u00f3n contra la intimidaci\u00f3n y los ataques.<br><\/p>\n\n\n\n<p>Durante el Foro se dio a conocer que el Mecanismo de enero a septiembre del 2023 intervino en 25 casos de periodistas que fueron agredidos y\/o amenazados y que este organismo cuenta con 36 millones de pesos, de los cuales el 50% esta etiquetado al cap\u00edtulo 1000 y el resto a la realizaci\u00f3n de las funciones sustantivas.<br><\/p>\n\n\n\n<p>Mientras que Jes\u00fas George Zamora, titular de la Consejer\u00eda Jur\u00eddica del Gobierno estatal afirm\u00f3 que el Mecanismo funcionar\u00e1 de forma eficaz a la brevedad.<br><\/p>\n\n\n\n<p>Bernardo Barranco sostuvo que Radio y Tv Mexiquense est\u00e1 abierto a que los temas de la Ley para la Protecci\u00f3n Integral de Periodistas y Personas Defensoras de Derechos Humanos, este presente en el Sistema P\u00fablico, a fin de impulsar la libertad de expresi\u00f3n.<\/p>\n","protected":false},"excerpt":{"rendered":"<p>Integrantes del mecanismo y reporteros apuestan a prevenci\u00f3n para evitar agresiones. Azucena Cisneros Coss, diputada del Grupo Parlamentario de Morena y principal impulsora de la Ley para la Protecci\u00f3n Integral de Periodistas y Personas Defensoras de Derechos Humanos publicada el 31 de mayo de 2021, se\u00f1al\u00f3 que requiere revisarse para analizar lo que si ha [&hellip;]<\/p>\n","protected":false},"author":1,"featured_media":39592,"comment_status":"closed","ping_status":"closed","sticky":false,"template":"","format":"standard","meta":{"footnotes":""},"categories":[36],"tags":[],"class_list":["post-39591","post","type-post","status-publish","format-standard","has-post-thumbnail","hentry","category-edomex"],"_links":{"self":[{"href":"https:\/\/elinformante.mx\/index.php?rest_route=\/wp\/v2\/posts\/39591","targetHints":{"allow":["GET"]}}],"collection":[{"href":"https:\/\/elinformante.mx\/index.php?rest_route=\/wp\/v2\/posts"}],"about":[{"href":"https:\/\/elinformante.mx\/index.php?rest_route=\/wp\/v2\/types\/post"}],"author":[{"embeddable":true,"href":"https:\/\/elinformante.mx\/index.php?rest_route=\/wp\/v2\/users\/1"}],"replies":[{"embeddable":true,"href":"https:\/\/elinformante.mx\/index.php?rest_route=%2Fwp%2Fv2%2Fcomments&post=39591"}],"version-history":[{"count":0,"href":"https:\/\/elinformante.mx\/index.php?rest_route=\/wp\/v2\/posts\/39591\/revisions"}],"wp:featuredmedia":[{"embeddable":true,"href":"https:\/\/elinformante.mx\/index.php?rest_route=\/wp\/v2\/media\/39592"}],"wp:attachment":[{"href":"https:\/\/elinformante.mx\/index.php?rest_route=%2Fwp%2Fv2%2Fmedia&parent=39591"}],"wp:term":[{"taxonomy":"category","embeddable":true,"href":"https:\/\/elinformante.mx\/index.php?rest_route=%2Fwp%2Fv2%2Fcategories&post=39591"},{"taxonomy":"post_tag","embeddable":true,"href":"https:\/\/elinformante.mx\/index.php?rest_route=%2Fwp%2Fv2%2Ftags&post=39591"}],"curies":[{"name":"wp","href":"https:\/\/api.w.org\/{rel}","templated":true}]}}