{"id":39601,"date":"2023-10-26T15:13:04","date_gmt":"2023-10-26T15:13:04","guid":{"rendered":"https:\/\/elinformante.mx\/?p=39601"},"modified":"2023-10-26T15:13:05","modified_gmt":"2023-10-26T15:13:05","slug":"delinean-estrategia-de-seguridad-para-combatir-delitos-contra-transportistas-en-el-edomex","status":"publish","type":"post","link":"https:\/\/elinformante.mx\/?p=39601","title":{"rendered":"Delinean estrategia de seguridad para combatir delitos contra transportistas en el Edom\u00e9x"},"content":{"rendered":"\n<blockquote class=\"wp-block-quote is-layout-flow wp-block-quote-is-layout-flow\">\n<p>Se impulsar\u00e1 el Operativo Escal\u00f3n y el uso de la L\u00ednea 089 de Denuncia An\u00f3nima, que opera las 24 horas del d\u00eda, los 365 d\u00edas del a\u00f1o.<\/p>\n<\/blockquote>\n\n\n\n<p>Para garantizar la seguridad de los transportistas mexiquenses, el Gobierno del Estado de M\u00e9xico encabezado por la Maestra Delfina G\u00f3mez \u00c1lvarez, coordina las mesas de seguridad y una estrategia integral para combatir actos de corrupci\u00f3n y prevenci\u00f3n de delitos.<br><\/p>\n\n\n\n<p>Es importante se\u00f1alar que en aras de mejorar y trabajar de manera conjunta la sociedad civil y el Gobierno, la Alianza Mexicana de Organizaci\u00f3n de Transportistas, AC (AMOTAC) se suma a este plan integral, por ello promover\u00e1 entre sus agremiados, presentar denuncias y coadyuvar en las investigaciones que deriven de la tutela de los derechos y proceso penal, contra quien o quienes sean los responsables de la comisi\u00f3n de delitos.<br><\/p>\n\n\n\n<p>Tambi\u00e9n va a gestionar el Operativo Escal\u00f3n y utilizar la L\u00ednea 089 de Denuncia An\u00f3nima, que opera las 24 horas del d\u00eda, los 365 d\u00edas del a\u00f1o, a la vez que actualizar\u00e1 el directorio de los representantes autorizados en cada entidad federativa, como interlocutores v\u00e1lidos para la emisi\u00f3n de comunicados y acuerdos.<br><\/p>\n\n\n\n<p>Por otra parte, se va a ratificar la solicitud de apoyo y ayuda de las autoridades para combatir actos de corrupci\u00f3n, reactivar la solicitud de cursos para la prevenci\u00f3n que imparte la Guardia Nacional, difundir por los canales necesarios los acuerdos y convocatorias, hasta en tanto se designe una vocer\u00eda estatal y finalmente ejecutar operativos internos, para verificar las medidas de seguridad de sus agremiados.<br><\/p>\n\n\n\n<p>Es importante se\u00f1alar que se continuar\u00e1 con las mesas, la armonizaci\u00f3n, as\u00ed como la actualizaci\u00f3n de las normas oficiales a efecto de que exista un marco de actuaci\u00f3n adecuado para los transportistas.<br><\/p>\n\n\n\n<p>Asimismo, fue definido que el canal de atenci\u00f3n para las solicitudes de AMOTAC ser\u00e1 a trav\u00e9s de las Mesas de Coordinaci\u00f3n para la Construcci\u00f3n de la Paz que se realizan todos los d\u00edas, para que sean atendidas por las autoridades correspondientes.<br><\/p>\n\n\n\n<p>En el Estado de M\u00e9xico de manera transversal se ha dado seguimiento a las peticiones del gremio transportista, a fin de transformar una entidad en la que se prioriza su salvaguarda.<br><\/p>\n\n\n\n<p>Por ello que, de la mano con la Guardia Nacional (GN), la Secretar\u00eda de Infraestructura, Comunicaciones y Transportes (SICyT) y apoyo de las Secretar\u00edas General de Gobierno, de Seguridad y de Movilidad (Semov) se generaron acuerdos con AMOTAC, para implementar l\u00edneas de acci\u00f3n que posibiliten el seguimiento puntual de sus necesidades en materia de seguridad.<br><\/p>\n\n\n\n<p>Tras sostener esta mesa de trabajo, se acord\u00f3 que las autoridades estatales van a garantizar su protecci\u00f3n y fortalecer las capacidades de investigaci\u00f3n para prevenir el delito de robo, a todo ello, se va a sumar una campa\u00f1a de difusi\u00f3n para difundir los beneficios que se tienen, en exenci\u00f3n de pago del uso de las rampas de frenado, con la finalidad de incentivar su uso y evitar accidentes.<br><\/p>\n\n\n\n<figure class=\"wp-block-image size-large\"><img fetchpriority=\"high\" decoding=\"async\" width=\"1024\" height=\"503\" src=\"https:\/\/elinformante.mx\/wp-content\/uploads\/2023\/10\/DELINEAN-ESTRATEGIA-2-1024x503.jpg\" alt=\"\" class=\"wp-image-39603\" srcset=\"https:\/\/elinformante.mx\/wp-content\/uploads\/2023\/10\/DELINEAN-ESTRATEGIA-2-1024x503.jpg 1024w, https:\/\/elinformante.mx\/wp-content\/uploads\/2023\/10\/DELINEAN-ESTRATEGIA-2-300x147.jpg 300w, https:\/\/elinformante.mx\/wp-content\/uploads\/2023\/10\/DELINEAN-ESTRATEGIA-2-768x377.jpg 768w, https:\/\/elinformante.mx\/wp-content\/uploads\/2023\/10\/DELINEAN-ESTRATEGIA-2-580x285.jpg 580w, https:\/\/elinformante.mx\/wp-content\/uploads\/2023\/10\/DELINEAN-ESTRATEGIA-2-860x422.jpg 860w, https:\/\/elinformante.mx\/wp-content\/uploads\/2023\/10\/DELINEAN-ESTRATEGIA-2.jpg 1140w\" sizes=\"(max-width: 1024px) 100vw, 1024px\" \/><\/figure>\n\n\n\n<p>En tanto, la Semov dar\u00e1 a conocer los mecanismos de denuncia por hechos de corrupci\u00f3n, para reforzar la coordinaci\u00f3n interinstitucional.<br><\/p>\n\n\n\n<p>De igual forma, se dar\u00e1 difusi\u00f3n a los acuerdos con la SICyT respecto a:<\/p>\n\n\n\n<ul class=\"wp-block-list\">\n<li>La eliminaci\u00f3n del cobro por el uso de rampas de emergencia,<\/li>\n\n\n\n<li>Circulaci\u00f3n de unidades con \u201ca\u00f1o-modelo\u201d atrasado,<\/li>\n\n\n\n<li>El reconocimiento de la Licencia Federal Digital en los municipios, y<\/li>\n\n\n\n<li>La valoraci\u00f3n por los cobros excesivos de las gr\u00faas en el Estado de M\u00e9xico.<\/li>\n<\/ul>\n\n\n\n<p>En estos trabajos participaron por la Secretar\u00eda General de Gobierno, Alejandro Viedma Vel\u00e1zquez, Subsecretario General de Gobierno, y Roc\u00edo D\u00edaz Montoya, Subsecretaria General de Gobierno Valle de M\u00e9xico Zona Oriente I.<br><\/p>\n\n\n\n<p>Tambi\u00e9n acudi\u00f3 Andr\u00e9s Andrade T\u00e9llez, Secretario de Seguridad; Hugo de la Cuadra Mendoza, titular del Centro de Control, Comando, Comunicaci\u00f3n, C\u00f3mputo y Calidad C5; y Jes\u00fas Ram\u00f3n Camacho Dom\u00ednguez, Subsecretario de la Polic\u00eda Estatal.<br><\/p>\n\n\n\n<p>De la Secretar\u00eda de Movilidad asisti\u00f3 Daniel Andr\u00e9s Sibaja Gonz\u00e1lez, titular de la dependencia, y Sergio Garc\u00eda Romero, de la Coordinaci\u00f3n de Concertaci\u00f3n Sectorial.<br><\/p>\n\n\n\n<p>Por parte de la Guardia Nacional estuvo Carlos Fortunato S\u00e1nchez Cobos, Coordinador del Segundo Batall\u00f3n; Ulises Alberto Garc\u00eda Reyes, Coordinador de Secciones de Seguridad a V\u00edas de Comunicaci\u00f3n del Estado de M\u00e9xico Zona Oriente; y Cruz Isaac Mu\u00f1oz Navarro, Director General de Seguridad en Carreteras e Instalaciones.<br><\/p>\n\n\n\n<p>En tanto que de la Secretar\u00eda de Seguridad y Protecci\u00f3n Ciudadana del Gobierno de M\u00e9xico participaron Miguel \u00c1ngel Urrutia Lozano, titular de la Unidad de Informaci\u00f3n Infraestructura, Inform\u00e1tica y Vinculaci\u00f3n Tecnol\u00f3gica; as\u00ed como Alejandra Gonz\u00e1lez Camacho, Subdirectora de Transporte de la Secretar\u00eda de Infraestructura, Comunicaciones y Transporte.<br><\/p>\n\n\n\n<p>Y con la representaci\u00f3n de la Alianza Mexicana de Organizaci\u00f3n de Transportistas (AMOTAC), acudieron Carlos Garc\u00eda, vicepresidente Nacional y Pedro Vaca.<\/p>\n","protected":false},"excerpt":{"rendered":"<p>Se impulsar\u00e1 el Operativo Escal\u00f3n y el uso de la L\u00ednea 089 de Denuncia An\u00f3nima, que opera las 24 horas del d\u00eda, los 365 d\u00edas del a\u00f1o. Para garantizar la seguridad de los transportistas mexiquenses, el Gobierno del Estado de M\u00e9xico encabezado por la Maestra Delfina G\u00f3mez \u00c1lvarez, coordina las mesas de seguridad y una [&hellip;]<\/p>\n","protected":false},"author":1,"featured_media":39602,"comment_status":"closed","ping_status":"closed","sticky":false,"template":"","format":"standard","meta":{"footnotes":""},"categories":[35],"tags":[],"class_list":["post-39601","post","type-post","status-publish","format-standard","has-post-thumbnail","hentry","category-cdmx"],"_links":{"self":[{"href":"https:\/\/elinformante.mx\/index.php?rest_route=\/wp\/v2\/posts\/39601","targetHints":{"allow":["GET"]}}],"collection":[{"href":"https:\/\/elinformante.mx\/index.php?rest_route=\/wp\/v2\/posts"}],"about":[{"href":"https:\/\/elinformante.mx\/index.php?rest_route=\/wp\/v2\/types\/post"}],"author":[{"embeddable":true,"href":"https:\/\/elinformante.mx\/index.php?rest_route=\/wp\/v2\/users\/1"}],"replies":[{"embeddable":true,"href":"https:\/\/elinformante.mx\/index.php?rest_route=%2Fwp%2Fv2%2Fcomments&post=39601"}],"version-history":[{"count":0,"href":"https:\/\/elinformante.mx\/index.php?rest_route=\/wp\/v2\/posts\/39601\/revisions"}],"wp:featuredmedia":[{"embeddable":true,"href":"https:\/\/elinformante.mx\/index.php?rest_route=\/wp\/v2\/media\/39602"}],"wp:attachment":[{"href":"https:\/\/elinformante.mx\/index.php?rest_route=%2Fwp%2Fv2%2Fmedia&parent=39601"}],"wp:term":[{"taxonomy":"category","embeddable":true,"href":"https:\/\/elinformante.mx\/index.php?rest_route=%2Fwp%2Fv2%2Fcategories&post=39601"},{"taxonomy":"post_tag","embeddable":true,"href":"https:\/\/elinformante.mx\/index.php?rest_route=%2Fwp%2Fv2%2Ftags&post=39601"}],"curies":[{"name":"wp","href":"https:\/\/api.w.org\/{rel}","templated":true}]}}