{"id":39608,"date":"2023-10-26T15:17:31","date_gmt":"2023-10-26T15:17:31","guid":{"rendered":"https:\/\/elinformante.mx\/?p=39608"},"modified":"2023-10-26T15:17:32","modified_gmt":"2023-10-26T15:17:32","slug":"gobierno-mexiquense-en-alerta-por-efectos-del-huracan-otis-en-la-entidad-delfina-gomez","status":"publish","type":"post","link":"https:\/\/elinformante.mx\/?p=39608","title":{"rendered":"Gobierno mexiquense en alerta por efectos del hurac\u00e1n Otis en la entidad: Delfina G\u00f3mez"},"content":{"rendered":"\n<blockquote class=\"wp-block-quote is-layout-flow wp-block-quote-is-layout-flow\">\n<p>En la Mesa de Coordinaci\u00f3n para la Construcci\u00f3n de la Paz tambi\u00e9n se analiz\u00f3 el reporte de seguridad en los 125 municipios mexiquenses.<\/p>\n<\/blockquote>\n\n\n\n<p>La Gobernadora del Estado de M\u00e9xico, Delfina G\u00f3mez \u00c1lvarez encabez\u00f3 la Mesa de Coordinaci\u00f3n para la Construcci\u00f3n de la Paz donde instruy\u00f3 a las instancias correspondientes a mantenerse en alerta ante el paso del hurac\u00e1n Otis por la entidad.<br><\/p>\n\n\n\n<p>\u201cHoy en la Mesa de Coordinaci\u00f3n para la Construcci\u00f3n de la Paz revisamos el reporte de seguridad de los 125 municipios del Estado de M\u00e9xico. Tambi\u00e9n acordamos estar alertas ante las posibles situaciones de riesgo que puedan darse por el hurac\u00e1n #Otis. #ElPoderDeServir\u201d, inform\u00f3 la Gobernadora en sus redes sociales.<br><\/p>\n\n\n\n<p>Bajo el lema del poder de servir, en la Mesa n\u00famero 29 se reiter\u00f3 que la presente administraci\u00f3n mantiene la coordinaci\u00f3n interinstitucional, as\u00ed como la aplicaci\u00f3n de acciones y estrategias para responder a las necesidades de seguridad de las y los mexiquenses.<br><\/p>\n\n\n\n<p>En la reuni\u00f3n realizada en el Palacio del Poder Ejecutivo estatal, acompa\u00f1aron a la Gobernadora, Horacio Duarte Olivares, Secretario General de Gobierno, y Andr\u00e9s Andrade T\u00e9llez, Secretario de Seguridad.<br><\/p>\n\n\n\n<p>Tambi\u00e9n representantes de la Secretar\u00eda de la Defensa Nacional (Sedena); la Secretar\u00eda de Marina (Semar); la Fiscal\u00eda General de la Rep\u00fablica (FGR); la Fiscal\u00eda General de Justicia del Estado de M\u00e9xico (FGJEM); la Coordinaci\u00f3n Estatal de la Guardia Nacional (GN), y del Centro Nacional de Inteligencia (CNI) en el Estado de M\u00e9xico.<br><\/p>\n\n\n\n<p>Asimismo, la Comisi\u00f3n de Derechos Humanos del Estado de M\u00e9xico (Codhem); la Coordinaci\u00f3n General de Protecci\u00f3n Civil y Gesti\u00f3n Integral del Riesgo e integrantes del Gabinete estatal.<\/p>\n","protected":false},"excerpt":{"rendered":"<p>En la Mesa de Coordinaci\u00f3n para la Construcci\u00f3n de la Paz tambi\u00e9n se analiz\u00f3 el reporte de seguridad en los 125 municipios mexiquenses. La Gobernadora del Estado de M\u00e9xico, Delfina G\u00f3mez \u00c1lvarez encabez\u00f3 la Mesa de Coordinaci\u00f3n para la Construcci\u00f3n de la Paz donde instruy\u00f3 a las instancias correspondientes a mantenerse en alerta ante el [&hellip;]<\/p>\n","protected":false},"author":1,"featured_media":39609,"comment_status":"closed","ping_status":"closed","sticky":false,"template":"","format":"standard","meta":{"footnotes":""},"categories":[36],"tags":[],"class_list":["post-39608","post","type-post","status-publish","format-standard","has-post-thumbnail","hentry","category-edomex"],"_links":{"self":[{"href":"https:\/\/elinformante.mx\/index.php?rest_route=\/wp\/v2\/posts\/39608","targetHints":{"allow":["GET"]}}],"collection":[{"href":"https:\/\/elinformante.mx\/index.php?rest_route=\/wp\/v2\/posts"}],"about":[{"href":"https:\/\/elinformante.mx\/index.php?rest_route=\/wp\/v2\/types\/post"}],"author":[{"embeddable":true,"href":"https:\/\/elinformante.mx\/index.php?rest_route=\/wp\/v2\/users\/1"}],"replies":[{"embeddable":true,"href":"https:\/\/elinformante.mx\/index.php?rest_route=%2Fwp%2Fv2%2Fcomments&post=39608"}],"version-history":[{"count":0,"href":"https:\/\/elinformante.mx\/index.php?rest_route=\/wp\/v2\/posts\/39608\/revisions"}],"wp:featuredmedia":[{"embeddable":true,"href":"https:\/\/elinformante.mx\/index.php?rest_route=\/wp\/v2\/media\/39609"}],"wp:attachment":[{"href":"https:\/\/elinformante.mx\/index.php?rest_route=%2Fwp%2Fv2%2Fmedia&parent=39608"}],"wp:term":[{"taxonomy":"category","embeddable":true,"href":"https:\/\/elinformante.mx\/index.php?rest_route=%2Fwp%2Fv2%2Fcategories&post=39608"},{"taxonomy":"post_tag","embeddable":true,"href":"https:\/\/elinformante.mx\/index.php?rest_route=%2Fwp%2Fv2%2Ftags&post=39608"}],"curies":[{"name":"wp","href":"https:\/\/api.w.org\/{rel}","templated":true}]}}