{"id":39618,"date":"2023-10-26T15:23:11","date_gmt":"2023-10-26T15:23:11","guid":{"rendered":"https:\/\/elinformante.mx\/?p=39618"},"modified":"2023-10-26T15:23:11","modified_gmt":"2023-10-26T15:23:11","slug":"diputados-van-por-penas-mas-severas-por-el-cobro-de-piso-en-la-cdmx","status":"publish","type":"post","link":"https:\/\/elinformante.mx\/?p=39618","title":{"rendered":"Diputados van por penas m\u00e1s severas por el &#8220;cobro de piso\u201d en la CDMX"},"content":{"rendered":"\n<blockquote class=\"wp-block-quote is-layout-flow wp-block-quote-is-layout-flow\">\n<p>Aumentar\u00eda la penalidad de tres a 13 a\u00f1os de c\u00e1rcel la sanci\u00f3n que actualmente es de dos a ocho a\u00f1os de prisi\u00f3n y de 40 a 160 d\u00edas de multa.<\/p>\n<\/blockquote>\n\n\n\n<p>Con el fin de elevar las sanciones por el delito llamado \u201cderecho de piso\u201d, la Comisi\u00f3n de Seguridad Ciudadana del Congreso de la Ciudad de M\u00e9xico propuso elevar la pena de 13 a\u00f1os de prisi\u00f3n a aquellos delincuentes que ejerzan esta forma de extorsi\u00f3n. La propuesta busca que se adicione un p\u00e1rrafo tercero al Art\u00edculo 390 C\u00f3digo Penal Federal, para aplicar dicha penalidad cuando el delito se cometa.<br><\/p>\n\n\n\n<p>El presidente de dicha comisi\u00f3n, diputado Nazario Norberto S\u00e1nchez, explic\u00f3 que \u201clas penas previstas en el primer p\u00e1rrafo del presente art\u00edculo se agravar\u00e1n hasta dos terceras partes cuando la o las v\u00edctimas sean personas empresarios o comerciantes formales o informales o personas relacionadas con esta actividad\u201d; es decir, aumentar\u00eda la penalidad de tres a 13 a\u00f1os de c\u00e1rcel la sanci\u00f3n que actualmente es de dos a ocho a\u00f1os de prisi\u00f3n y de 40 a 160 d\u00edas de multa.<br><\/p>\n\n\n\n<p>De acuerdo con la Encuesta Nacional de Victimizaci\u00f3n de Empresas (ENVE 2022) en 2021 se cometieron 829 mil delitos de extorsi\u00f3n, que representa una tasa de mil 744 extorsiones por cada 10 mil unidades econ\u00f3micas, pero, adem\u00e1s del total de delitos de extorsi\u00f3n, 67.6 mil corresponden a delitos de extorsi\u00f3n en calle o establecimientos.<br><\/p>\n\n\n\n<p>En 2021 se denunci\u00f3 un 11.4% de los delitos, de los cuales 74.4% llev\u00f3 al inicio de una carpeta de investigaci\u00f3n ante el ministerio p\u00fablico. Sin embargo, del total de delitos, se inici\u00f3 una carpeta de investigaci\u00f3n en un 8.5% de los casos, los cuales representa un 91.5% de delitos donde no hubo denuncia o no se inici\u00f3 una carpeta de investigaci\u00f3n.<br><\/p>\n\n\n\n<p>Mientras que los Datos Econ\u00f3micos y Sociales de la CDMX, elaborado por la Coparmex local, refieren que la extorsi\u00f3n se increment\u00f3 un 30.8% en lo que va de 2023.<br><\/p>\n\n\n\n<p>El diputado local expuso que la propuesta de iniciativa se refiere a la forma de extorsi\u00f3n que exige \u201cderecho de piso\u201d, porque se mantiene latente, y est\u00e1 afectando severamente la integridad f\u00edsica, psicol\u00f3gica y econ\u00f3mica de los ciudadanos, no solo de la capital, sino del territorio mexicano, ya que la intimidaci\u00f3n es la forma en la que se coacciona a los comerciantes a fin de obtener un lucro.<br><\/p>\n\n\n\n<p>El presidente de la Comisi\u00f3n de Seguridad Ciudadana del Congreso de la CDMX recalc\u00f3 que esta conducta delictiva se mantiene porque una de las razones principales es el vac\u00edo legal que existe con relaci\u00f3n a esta modalidad, convirti\u00e9ndose entonces en una cifra negra, debido a que las v\u00edctimas temen a las repercusiones que esto puede traer para ello o sus familias.<br><\/p>\n\n\n\n<p>\u201cEs imperante se\u00f1alar que, en la capital del pa\u00eds, desde los inicios de esta nueva forma de extorsiones, es cometida por diversos c\u00e1rteles, y es por lo anterior, que aunque el suscrito ya present\u00f3 una iniciativa en la capital de nuestro pa\u00eds, es importante que unamos esfuerzos para llevar a cabo una reforma al C\u00f3digo Penal Federal a fin de extender y atender esta preocupaci\u00f3n en todo el pa\u00eds\u201d, se\u00f1al\u00f3 el legislador ante la comisi\u00f3n.<br><\/p>\n\n\n\n<p>La propuesta se turn\u00f3 para su an\u00e1lisis y dictamen a la Comisi\u00f3n de Administraci\u00f3n y Procuraci\u00f3n de Justicia del Congreso local.<\/p>\n","protected":false},"excerpt":{"rendered":"<p>Aumentar\u00eda la penalidad de tres a 13 a\u00f1os de c\u00e1rcel la sanci\u00f3n que actualmente es de dos a ocho a\u00f1os de prisi\u00f3n y de 40 a 160 d\u00edas de multa. Con el fin de elevar las sanciones por el delito llamado \u201cderecho de piso\u201d, la Comisi\u00f3n de Seguridad Ciudadana del Congreso de la Ciudad de [&hellip;]<\/p>\n","protected":false},"author":1,"featured_media":39619,"comment_status":"closed","ping_status":"closed","sticky":false,"template":"","format":"standard","meta":{"footnotes":""},"categories":[35],"tags":[],"class_list":["post-39618","post","type-post","status-publish","format-standard","has-post-thumbnail","hentry","category-cdmx"],"_links":{"self":[{"href":"https:\/\/elinformante.mx\/index.php?rest_route=\/wp\/v2\/posts\/39618","targetHints":{"allow":["GET"]}}],"collection":[{"href":"https:\/\/elinformante.mx\/index.php?rest_route=\/wp\/v2\/posts"}],"about":[{"href":"https:\/\/elinformante.mx\/index.php?rest_route=\/wp\/v2\/types\/post"}],"author":[{"embeddable":true,"href":"https:\/\/elinformante.mx\/index.php?rest_route=\/wp\/v2\/users\/1"}],"replies":[{"embeddable":true,"href":"https:\/\/elinformante.mx\/index.php?rest_route=%2Fwp%2Fv2%2Fcomments&post=39618"}],"version-history":[{"count":0,"href":"https:\/\/elinformante.mx\/index.php?rest_route=\/wp\/v2\/posts\/39618\/revisions"}],"wp:featuredmedia":[{"embeddable":true,"href":"https:\/\/elinformante.mx\/index.php?rest_route=\/wp\/v2\/media\/39619"}],"wp:attachment":[{"href":"https:\/\/elinformante.mx\/index.php?rest_route=%2Fwp%2Fv2%2Fmedia&parent=39618"}],"wp:term":[{"taxonomy":"category","embeddable":true,"href":"https:\/\/elinformante.mx\/index.php?rest_route=%2Fwp%2Fv2%2Fcategories&post=39618"},{"taxonomy":"post_tag","embeddable":true,"href":"https:\/\/elinformante.mx\/index.php?rest_route=%2Fwp%2Fv2%2Ftags&post=39618"}],"curies":[{"name":"wp","href":"https:\/\/api.w.org\/{rel}","templated":true}]}}