{"id":39622,"date":"2023-10-26T15:24:44","date_gmt":"2023-10-26T15:24:44","guid":{"rendered":"https:\/\/elinformante.mx\/?p=39622"},"modified":"2023-10-26T15:24:45","modified_gmt":"2023-10-26T15:24:45","slug":"juzgadores-federales-anuncian-amparo-contra-extincion-de-fideicomisos","status":"publish","type":"post","link":"https:\/\/elinformante.mx\/?p=39622","title":{"rendered":"Juzgadores federales anuncian amparo contra extinci\u00f3n de fideicomisos"},"content":{"rendered":"\n<blockquote class=\"wp-block-quote is-layout-flow wp-block-quote-is-layout-flow\">\n<p>M\u00e1s de 1,400 juzgadores y juzgadores que forman parte de la Jufed anunciaron que van a impugnar la reforma legislativa que afecta sus derechos y prestaciones laborales.<\/p>\n<\/blockquote>\n\n\n\n<p>La Asociaci\u00f3n Nacional de Magistrados de Circuito y Jueces de Distrito del PJF (Jufed) anunci\u00f3 que promover\u00e1 un amparo \u00fanico a nombre de todos los impartidores de justicia que forman parte de esa asociaci\u00f3n en contra de la desaparici\u00f3n de 13 de los 14 fideicomisos del Poder Judicial de la Federaci\u00f3n.<br><\/p>\n\n\n\n<p>Mediante un breve comunicado, la Jufed afirm\u00f3 que dicha medida fue acordada por su Mesa Directiva Nacional y sus directivas nacionales, las cuales agrupan a m\u00e1s de 1,400 jueces, juezas, magistradas y magistrados de car\u00e1cter federal.<br><\/p>\n\n\n\n<p>La demanda de amparo ser\u00e1 presentada una vez que la reforma sea publicada en el Diario Oficial de la Federaci\u00f3n (DOF), con lo que se marcar\u00eda su entrada en vigor.<br><\/p>\n\n\n\n<p>Aunque se promueve en nombre de los asociados a la Jufed, los beneficios que puedan ganarse con este juicio de amparo, incluyendo las que se dicten en suspensiones provisionales o definitivas, beneficiar\u00edan a todas las y los juzgadores federales, as\u00ed como al personal del Poder Judicial Federal, por tratarse de un amparo contra normas legales<br><\/p>\n\n\n\n<p>Se comunica que con la representaci\u00f3n legal de JUFED se promover\u00e1, en nombre de todas y todos los titulares asociados, la correspondiente ACCI\u00d3N DE AMPARO EN DEMANDA \u00daNICA, contra la aprobaci\u00f3n del Decreto de reforma y adiciones a la Ley Org\u00e1nica del Poder Judicial de la Federaci\u00f3n y otros ordenamientos, una vez publicada en el Diario Oficial de la Federaci\u00f3n.<br><\/p>\n\n\n\n<p>As\u00ed lo dio a conocer el director nacional de la Jufed, el magistrado federal Froyl\u00e1n Mu\u00f1oz Alvarado, con el respaldo de los dem\u00e1s integrantes de esa organizaci\u00f3n que agrupa a impartidores de justicia de car\u00e1cter federal.<br><\/p>\n\n\n\n<p>Este amparo es independiente del que puedan promover los trabajadores de base y sindicalizados del Poder Judicial de la Federaci\u00f3n (PJF), los cuales anunciaron este mi\u00e9rcoles que extender\u00e1n su paro de labores hasta el pr\u00f3ximo 15 de noviembre.<br><\/p>\n\n\n\n<p>Las protestas de juzgadores y juzgadoras, as\u00ed como de los propios trabajadores de base, obedecen a que ellos hac\u00edan aportaciones voluntarias para algunos de los citados fideicomisos con el prop\u00f3sito de que al t\u00e9rmino de sus funciones, pudieran recibir una pensi\u00f3n m\u00e1s alta de la prevista en la ley.<br><\/p>\n\n\n\n<p>Adem\u00e1s, en otro de los fideicomisos hac\u00edan aportaciones para contar con un seguro m\u00e9dico complementario al que les corresponde como trabajadores al servicio del Estado.<br><\/p>\n\n\n\n<p>Sin embargo, el presidente Andr\u00e9s Manuel L\u00f3pez Obrador ha dicho que se trata de fideicomisos que benefician a unos pocos integrantes del Poder Judicial, sin contestar que va a pasar con los ahorros de los trabajadores de base y de personal de confianza que han hecho sus aportaciones.<br><\/p>\n\n\n\n<p>Protestas llegan a audiencias penales.<br><\/p>\n\n\n\n<p>El pasado 23 de octubre, la jueza de control Beatriz \u00c1lvarez Rodr\u00edguez, adscrita al Centro de Justicia Penal Federal de Aguascalientes, llev\u00f3 la protesta de los juzgadores y juzgadoras federales a las audiencias penales.<br><\/p>\n\n\n\n<p>Antes de que diera por iniciada una audiencia relativa a una imputaci\u00f3n por delitos federales, la jueza especializada en el sistema acusatorio envi\u00f3 un mensaje a los asistentes, destacando que m\u00e1s all\u00e1 del tema de los fideicomisos, lo que est\u00e1 en juego es la autonom\u00eda e independencia judicial.<br><\/p>\n\n\n\n<p>En menos de dos minutos, la juzgadora advirti\u00f3 que los embates al Poder Judicial restringen la impartici\u00f3n de justicia, por lo que pidi\u00f3 a los asistentes, abogados, fiscales de la FGR, imputados y p\u00fablico asistente, guardar un minuto de silencio para protestar contra el Poder Judicial.<\/p>\n","protected":false},"excerpt":{"rendered":"<p>M\u00e1s de 1,400 juzgadores y juzgadores que forman parte de la Jufed anunciaron que van a impugnar la reforma legislativa que afecta sus derechos y prestaciones laborales. La Asociaci\u00f3n Nacional de Magistrados de Circuito y Jueces de Distrito del PJF (Jufed) anunci\u00f3 que promover\u00e1 un amparo \u00fanico a nombre de todos los impartidores de justicia [&hellip;]<\/p>\n","protected":false},"author":1,"featured_media":39623,"comment_status":"closed","ping_status":"closed","sticky":false,"template":"","format":"standard","meta":{"footnotes":""},"categories":[34],"tags":[],"class_list":["post-39622","post","type-post","status-publish","format-standard","has-post-thumbnail","hentry","category-nacional"],"_links":{"self":[{"href":"https:\/\/elinformante.mx\/index.php?rest_route=\/wp\/v2\/posts\/39622","targetHints":{"allow":["GET"]}}],"collection":[{"href":"https:\/\/elinformante.mx\/index.php?rest_route=\/wp\/v2\/posts"}],"about":[{"href":"https:\/\/elinformante.mx\/index.php?rest_route=\/wp\/v2\/types\/post"}],"author":[{"embeddable":true,"href":"https:\/\/elinformante.mx\/index.php?rest_route=\/wp\/v2\/users\/1"}],"replies":[{"embeddable":true,"href":"https:\/\/elinformante.mx\/index.php?rest_route=%2Fwp%2Fv2%2Fcomments&post=39622"}],"version-history":[{"count":0,"href":"https:\/\/elinformante.mx\/index.php?rest_route=\/wp\/v2\/posts\/39622\/revisions"}],"wp:featuredmedia":[{"embeddable":true,"href":"https:\/\/elinformante.mx\/index.php?rest_route=\/wp\/v2\/media\/39623"}],"wp:attachment":[{"href":"https:\/\/elinformante.mx\/index.php?rest_route=%2Fwp%2Fv2%2Fmedia&parent=39622"}],"wp:term":[{"taxonomy":"category","embeddable":true,"href":"https:\/\/elinformante.mx\/index.php?rest_route=%2Fwp%2Fv2%2Fcategories&post=39622"},{"taxonomy":"post_tag","embeddable":true,"href":"https:\/\/elinformante.mx\/index.php?rest_route=%2Fwp%2Fv2%2Ftags&post=39622"}],"curies":[{"name":"wp","href":"https:\/\/api.w.org\/{rel}","templated":true}]}}