{"id":39625,"date":"2023-10-26T15:26:03","date_gmt":"2023-10-26T15:26:03","guid":{"rendered":"https:\/\/elinformante.mx\/?p=39625"},"modified":"2023-10-26T15:26:04","modified_gmt":"2023-10-26T15:26:04","slug":"inicia-rescate-y-apoyo-a-la-poblacion-afectada-por-huracan-otis-en-guerrero-afirma-presidente","status":"publish","type":"post","link":"https:\/\/elinformante.mx\/?p=39625","title":{"rendered":"Inicia rescate y apoyo a la poblaci\u00f3n afectada por hurac\u00e1n Otis en Guerrero, afirma presidente"},"content":{"rendered":"\n<blockquote class=\"wp-block-quote is-layout-flow wp-block-quote-is-layout-flow\">\n<p>El mandatario puntualiz\u00f3 que las labores est\u00e1n enfocadas a restablecer las comunicaciones, las cuales se perdieron por completo.<\/p>\n<\/blockquote>\n\n\n\n<p>Este mi\u00e9rcoles, el presidente Andr\u00e9s Manuel L\u00f3pez Obrador reconoci\u00f3 que Guerrero result\u00f3 gravemente afectado luego de que el hurac\u00e1n Otis toc\u00f3 tierra en Acapulco, como categor\u00eda 5 en la escala Saffir-Simpson. Revel\u00f3 que las autoridades federales perdieron comunicaci\u00f3n con varios municipios de la entidad, por lo que ya se est\u00e1 atendiendo la situaci\u00f3n.<br><\/p>\n\n\n\n<p>Durante la conferencia de prensa matutina, el mandatario federal indic\u00f3 que el fen\u00f3meno meteorol\u00f3gico \u201cpeg\u00f3 muy fuerte\u201d en la Costa Grande de Guerrero, espec\u00edficamente en Acapulco, Tecp\u00e1n de Galeana, Coyuca de Ben\u00edtez, Ju\u00e1rez y otros municipios.<br><\/p>\n\n\n\n<p>Se\u00f1al\u00f3 que es posible que las afectaciones contin\u00faen a lo largo del d\u00eda.<br><\/p>\n\n\n\n<p>\u201cSe est\u00e1 considerando que va a degradarse a categor\u00eda 2, pero todo el d\u00eda va a haber lluvias y estamos buscando restablecer las comunicaciones. Hasta ahora no tenemos datos de p\u00e9rdidas humanas, pero si de da\u00f1os materiales, ruptura de caminos\u2026la propia autopista llegando a Acapulco tiene derrumbes\u201d, declar\u00f3.<br><\/p>\n\n\n\n<p>Al respecto de la p\u00e9rdida de comunicaci\u00f3n con las autoridades y habitantes de los municipios mencionados, indic\u00f3 que el almirante Jos\u00e9 Rafael Ojeda Dur\u00e1n, titular de la Secretar\u00eda de Marina (Semar); Rosa Icela Rodr\u00edguez, secretaria de Seguridad y Protecci\u00f3n Ciudadana (SSPC); Jorge Nu\u00f1o, secretario de Infraestructura, Comunicaciones y Transportes; y Laura Vel\u00e1zquez Alz\u00faa titular de la Coordinaci\u00f3n Nacional de Protecci\u00f3n Civil (CNPC) fueron instruidos a atender la situaci\u00f3n.<br><\/p>\n\n\n\n<p>\u00a0\u201cDesde ayer estamos all\u00e1. Hay brigadas del Ej\u00e9rcito y de la Marina, adem\u00e1s se est\u00e1 aplicando el Plan DN-III-E; pero muy fuerte, es un fen\u00f3meno que en muy poco tiempo, 12 horas, empez\u00f3 a tomar fuerza y entr\u00f3 como categor\u00eda 5, agreg\u00f3.<br><\/p>\n\n\n\n<figure class=\"wp-block-image size-large\"><img fetchpriority=\"high\" decoding=\"async\" width=\"1024\" height=\"503\" src=\"https:\/\/elinformante.mx\/wp-content\/uploads\/2023\/10\/INICIA-RESCATE-2-1024x503.jpg\" alt=\"\" class=\"wp-image-39627\" srcset=\"https:\/\/elinformante.mx\/wp-content\/uploads\/2023\/10\/INICIA-RESCATE-2-1024x503.jpg 1024w, https:\/\/elinformante.mx\/wp-content\/uploads\/2023\/10\/INICIA-RESCATE-2-300x147.jpg 300w, https:\/\/elinformante.mx\/wp-content\/uploads\/2023\/10\/INICIA-RESCATE-2-768x377.jpg 768w, https:\/\/elinformante.mx\/wp-content\/uploads\/2023\/10\/INICIA-RESCATE-2-580x285.jpg 580w, https:\/\/elinformante.mx\/wp-content\/uploads\/2023\/10\/INICIA-RESCATE-2-860x422.jpg 860w, https:\/\/elinformante.mx\/wp-content\/uploads\/2023\/10\/INICIA-RESCATE-2.jpg 1140w\" sizes=\"(max-width: 1024px) 100vw, 1024px\" \/><\/figure>\n\n\n\n<p>Fue en punto de las 00:25 horas del mi\u00e9rcoles 25 de agosto, cuando el centro del hurac\u00e1n Otis toc\u00f3 tierra en la costa de Guerrero. Con ello, el fen\u00f3meno rompi\u00f3 con los pron\u00f3sticos del Servicio Meteorol\u00f3gico Nacional (SMN), que estimaba su entrada entre las cuatro y seis de la ma\u00f1ana.<br><\/p>\n\n\n\n<p>Los municipios con alerta fueron Acapulco, Coyuca de Ben\u00edtez y San Marcos.<br><\/p>\n\n\n\n<p>Al respecto, L\u00f3pez Obrador asegur\u00f3 que se trata de un fen\u00f3meno natural que registr\u00f3 una intensidad que no se hab\u00eda presentado en varios a\u00f1os, por lo que \u00e9l y su gabinete dedicar\u00e1n todo el d\u00eda a atender a la poblaci\u00f3n afectada y llevar a cabo el operativo de rescate.<br><\/p>\n\n\n\n<p>\u201cVamos a ver qu\u00e9 informaci\u00f3n tenemos, vamos a estar los secretarios y yo pendientes. Es un hurac\u00e1n muy fuerte y tuvo un comportamiento at\u00edpico\u201d, se\u00f1al\u00f3.<br><\/p>\n\n\n\n<p>En cuanto a la posibilidad de que viaje a Guerrero, descart\u00f3 el que pueda ocurrir, ya que el aeropuerto tambi\u00e9n presenta afectaciones.<br><\/p>\n\n\n\n<p>\u201cNo hay posibilidad de volar en avi\u00f3n o helic\u00f3ptero. Hay que esperar, el pron\u00f3stico es que va a ir disminuyendo en intensidad\u201d, agreg\u00f3.<br><\/p>\n\n\n\n<p>Cabe destacar que, de acuerdo con el \u00faltimo reporte del SMN, Otis se debilit\u00f3 a hurac\u00e1n categor\u00eda 2 alrededor de las 06:30 horas.<\/p>\n","protected":false},"excerpt":{"rendered":"<p>El mandatario puntualiz\u00f3 que las labores est\u00e1n enfocadas a restablecer las comunicaciones, las cuales se perdieron por completo. Este mi\u00e9rcoles, el presidente Andr\u00e9s Manuel L\u00f3pez Obrador reconoci\u00f3 que Guerrero result\u00f3 gravemente afectado luego de que el hurac\u00e1n Otis toc\u00f3 tierra en Acapulco, como categor\u00eda 5 en la escala Saffir-Simpson. Revel\u00f3 que las autoridades federales perdieron [&hellip;]<\/p>\n","protected":false},"author":1,"featured_media":39626,"comment_status":"closed","ping_status":"closed","sticky":false,"template":"","format":"standard","meta":{"footnotes":""},"categories":[34],"tags":[],"class_list":["post-39625","post","type-post","status-publish","format-standard","has-post-thumbnail","hentry","category-nacional"],"_links":{"self":[{"href":"https:\/\/elinformante.mx\/index.php?rest_route=\/wp\/v2\/posts\/39625","targetHints":{"allow":["GET"]}}],"collection":[{"href":"https:\/\/elinformante.mx\/index.php?rest_route=\/wp\/v2\/posts"}],"about":[{"href":"https:\/\/elinformante.mx\/index.php?rest_route=\/wp\/v2\/types\/post"}],"author":[{"embeddable":true,"href":"https:\/\/elinformante.mx\/index.php?rest_route=\/wp\/v2\/users\/1"}],"replies":[{"embeddable":true,"href":"https:\/\/elinformante.mx\/index.php?rest_route=%2Fwp%2Fv2%2Fcomments&post=39625"}],"version-history":[{"count":0,"href":"https:\/\/elinformante.mx\/index.php?rest_route=\/wp\/v2\/posts\/39625\/revisions"}],"wp:featuredmedia":[{"embeddable":true,"href":"https:\/\/elinformante.mx\/index.php?rest_route=\/wp\/v2\/media\/39626"}],"wp:attachment":[{"href":"https:\/\/elinformante.mx\/index.php?rest_route=%2Fwp%2Fv2%2Fmedia&parent=39625"}],"wp:term":[{"taxonomy":"category","embeddable":true,"href":"https:\/\/elinformante.mx\/index.php?rest_route=%2Fwp%2Fv2%2Fcategories&post=39625"},{"taxonomy":"post_tag","embeddable":true,"href":"https:\/\/elinformante.mx\/index.php?rest_route=%2Fwp%2Fv2%2Ftags&post=39625"}],"curies":[{"name":"wp","href":"https:\/\/api.w.org\/{rel}","templated":true}]}}