{"id":39805,"date":"2023-10-30T14:35:09","date_gmt":"2023-10-30T14:35:09","guid":{"rendered":"https:\/\/elinformante.mx\/?p=39805"},"modified":"2023-10-30T14:35:09","modified_gmt":"2023-10-30T14:35:09","slug":"aflora-la-solidaridad-de-la-gente-del-edomex-para-ayudar-a-guerrero","status":"publish","type":"post","link":"https:\/\/elinformante.mx\/?p=39805","title":{"rendered":"Aflora la solidaridad de la gente del Edom\u00e9x para ayudar a Guerrero"},"content":{"rendered":"\n<blockquote class=\"wp-block-quote is-layout-flow wp-block-quote-is-layout-flow\">\n<p class=\"wp-block-paragraph\">Ante las muestras de solidaridad, la gobernadora Delfina G\u00f3mez \u00c1lvarez pide seguir apoyando a los damnificados.<\/p>\n<\/blockquote>\n\n\n\n<p class=\"wp-block-paragraph\">El centro de acopio que coloc\u00f3 el Gobierno del Estado de M\u00e9xico, seguir\u00e1 abierto hasta este lunes 30 de octubre de 09:00 a 18:00 horas; se ubica en el Palacio de Gobierno para apoyar a personas afectadas por el hurac\u00e1n Otis.<br><\/p>\n\n\n\n<p class=\"wp-block-paragraph\">La gobernadora, Delfina G\u00f3mez \u00c1lvarez, llam\u00f3 a seguir donando v\u00edveres y art\u00edculos de primera necesidad, al tiempo de agradecer al pueblo mexiquense su solidaridad, pues gracias a eso hicieron un primer env\u00edo de 154 toneladas de ayuda humanitaria para las familias guerrerenses.<br><\/p>\n\n\n\n<p class=\"wp-block-paragraph\">Adem\u00e1s, la gobernadora reconoci\u00f3 a las personas servidoras p\u00fablicas de las secretar\u00edas y dependencias, as\u00ed como a integrantes de su gabinete, quienes de forma voluntaria se sumaron con donativos y brigadas de apoyo al pueblo guerrerense, al igual que ediles y representantes populares.<br><\/p>\n\n\n\n<figure class=\"wp-block-image size-large\"><img fetchpriority=\"high\" decoding=\"async\" width=\"1024\" height=\"503\" src=\"https:\/\/elinformante.mx\/wp-content\/uploads\/2023\/10\/AFLORA-LA-1024x503.jpg\" alt=\"\" class=\"wp-image-39807\" srcset=\"https:\/\/elinformante.mx\/wp-content\/uploads\/2023\/10\/AFLORA-LA-1024x503.jpg 1024w, https:\/\/elinformante.mx\/wp-content\/uploads\/2023\/10\/AFLORA-LA-300x147.jpg 300w, https:\/\/elinformante.mx\/wp-content\/uploads\/2023\/10\/AFLORA-LA-768x377.jpg 768w, https:\/\/elinformante.mx\/wp-content\/uploads\/2023\/10\/AFLORA-LA-580x285.jpg 580w, https:\/\/elinformante.mx\/wp-content\/uploads\/2023\/10\/AFLORA-LA-860x422.jpg 860w, https:\/\/elinformante.mx\/wp-content\/uploads\/2023\/10\/AFLORA-LA.jpg 1140w\" sizes=\"(max-width: 1024px) 100vw, 1024px\" \/><\/figure>\n\n\n\n<p class=\"wp-block-paragraph\">Delfina G\u00f3mez tambi\u00e9n a\u00f1adi\u00f3 que el Gobierno estatal est\u00e1 abierto y dispuesto a coordinarse y apoyar a los municipios que deseen realizar donaciones, pero que no cuentan con los medios para acercar la ayuda humanitaria.<br><\/p>\n\n\n\n<p class=\"wp-block-paragraph\">El Centro de Acopio ubicado en el Palacio de Gobierno recibe: Alimentos enlatados o en sobre no perecederos, como at\u00fan, frijoles, arroz, lentejas, sopa de pasta, chiles, caf\u00e9, az\u00facar y mermelada; art\u00edculos de higiene personal, entre ellos, papel sanitario, jab\u00f3n de pastilla, champ\u00fa, pasta y cepillos de dientes, toallas femeninas, rastrillos y pa\u00f1ales desechables; insumos de limpieza, como jab\u00f3n en polvo, escobas, jaladores, jergas, franelas y cubetas.<br><\/p>\n\n\n\n<p class=\"wp-block-paragraph\">Adem\u00e1s, material m\u00e9dico, como alcohol antis\u00e9ptico, guantes, vendas, cubrebocas, gasas, sueros, jeringas, analg\u00e9sicos, cepillos quir\u00fargicos, gel antibacterial, tela adhesiva y algod\u00f3n; y alimento para animales de compa\u00f1\u00eda en lata o sobres.<br><\/p>\n\n\n\n<p class=\"wp-block-paragraph\">Cabe mencionar que algunos de los secretarios del gabinete donaron parte de su salario para apoyar a los damnificados en Guerrero.<br><\/p>\n\n\n\n<figure class=\"wp-block-image size-large\"><img decoding=\"async\" width=\"1024\" height=\"503\" src=\"https:\/\/elinformante.mx\/wp-content\/uploads\/2023\/10\/AFLORA-LA-2-1024x503.jpg\" alt=\"\" class=\"wp-image-39808\" srcset=\"https:\/\/elinformante.mx\/wp-content\/uploads\/2023\/10\/AFLORA-LA-2-1024x503.jpg 1024w, https:\/\/elinformante.mx\/wp-content\/uploads\/2023\/10\/AFLORA-LA-2-300x147.jpg 300w, https:\/\/elinformante.mx\/wp-content\/uploads\/2023\/10\/AFLORA-LA-2-768x377.jpg 768w, https:\/\/elinformante.mx\/wp-content\/uploads\/2023\/10\/AFLORA-LA-2-580x285.jpg 580w, https:\/\/elinformante.mx\/wp-content\/uploads\/2023\/10\/AFLORA-LA-2-860x422.jpg 860w, https:\/\/elinformante.mx\/wp-content\/uploads\/2023\/10\/AFLORA-LA-2.jpg 1140w\" sizes=\"(max-width: 1024px) 100vw, 1024px\" \/><\/figure>\n\n\n\n<p class=\"wp-block-paragraph\">El gobierno del Estado de M\u00e9xico envi\u00f3 ayuda humanitaria para familias afectadas en Guerrero tras el paso del hurac\u00e1n \u2018Otis\u2019. Se trat\u00f3 de 154 toneladas que fueron recaudadas con apoyo de instancias gubernamentales, legisladores e instituciones educativas y altruistas.<br><\/p>\n\n\n\n<p class=\"wp-block-paragraph\">Adem\u00e1s de ello, la administraci\u00f3n mexiquense puso a disposici\u00f3n de Guerrero a un equipo de m\u00e9dicos y rescatistas del Servicio de Urgencias de la Secretar\u00eda de Salud, quienes inform\u00f3 que estar\u00e1n equipados con ambulancias de urgencias avanzadas, con ambulancias de urgencias avanzadas, dos hospitales m\u00f3viles, equipos de rescate acu\u00e1tico, equipos de rescate urbano y de monta\u00f1a, as\u00ed como un equipo de rescate canino.<br><\/p>\n\n\n\n<p class=\"wp-block-paragraph\">En su momento, Horacio Duarte inform\u00f3 que esta es la primera parte de la ayuda que entregar\u00e1 la entidad, pues estar\u00e1n programando el segundo env\u00edo.<\/p>\n","protected":false},"excerpt":{"rendered":"<p>Ante las muestras de solidaridad, la gobernadora Delfina G\u00f3mez \u00c1lvarez pide seguir apoyando a los damnificados. El centro de acopio que coloc\u00f3 el Gobierno del Estado de M\u00e9xico, seguir\u00e1 abierto hasta este lunes 30 de octubre de 09:00 a 18:00 horas; se ubica en el Palacio de Gobierno para apoyar a personas afectadas por el [&hellip;]<\/p>\n","protected":false},"author":1,"featured_media":39806,"comment_status":"closed","ping_status":"closed","sticky":false,"template":"","format":"standard","meta":{"footnotes":""},"categories":[36],"tags":[],"class_list":["post-39805","post","type-post","status-publish","format-standard","has-post-thumbnail","hentry","category-edomex"],"_links":{"self":[{"href":"https:\/\/elinformante.mx\/index.php?rest_route=\/wp\/v2\/posts\/39805","targetHints":{"allow":["GET"]}}],"collection":[{"href":"https:\/\/elinformante.mx\/index.php?rest_route=\/wp\/v2\/posts"}],"about":[{"href":"https:\/\/elinformante.mx\/index.php?rest_route=\/wp\/v2\/types\/post"}],"author":[{"embeddable":true,"href":"https:\/\/elinformante.mx\/index.php?rest_route=\/wp\/v2\/users\/1"}],"replies":[{"embeddable":true,"href":"https:\/\/elinformante.mx\/index.php?rest_route=%2Fwp%2Fv2%2Fcomments&post=39805"}],"version-history":[{"count":0,"href":"https:\/\/elinformante.mx\/index.php?rest_route=\/wp\/v2\/posts\/39805\/revisions"}],"wp:featuredmedia":[{"embeddable":true,"href":"https:\/\/elinformante.mx\/index.php?rest_route=\/wp\/v2\/media\/39806"}],"wp:attachment":[{"href":"https:\/\/elinformante.mx\/index.php?rest_route=%2Fwp%2Fv2%2Fmedia&parent=39805"}],"wp:term":[{"taxonomy":"category","embeddable":true,"href":"https:\/\/elinformante.mx\/index.php?rest_route=%2Fwp%2Fv2%2Fcategories&post=39805"},{"taxonomy":"post_tag","embeddable":true,"href":"https:\/\/elinformante.mx\/index.php?rest_route=%2Fwp%2Fv2%2Ftags&post=39805"}],"curies":[{"name":"wp","href":"https:\/\/api.w.org\/{rel}","templated":true}]}}