{"id":42031,"date":"2023-11-28T06:02:01","date_gmt":"2023-11-28T12:02:01","guid":{"rendered":"https:\/\/elinformante.mx\/?p=42031"},"modified":"2023-12-01T00:48:37","modified_gmt":"2023-12-01T06:48:37","slug":"iron-maiden-anuncia-concierto-en-el-foro-sol","status":"publish","type":"post","link":"https:\/\/elinformante.mx\/?p=42031","title":{"rendered":"Iron Maiden anuncia concierto en el Foro Sol"},"content":{"rendered":"\n<blockquote class=\"wp-block-quote is-layout-flow wp-block-quote-is-layout-flow\">\n<p>Como parte de su gira, \u201cThe Future Past World Tour\u201d, Iron Maiden anunci\u00f3 un concierto preparado para nuestro pa\u00eds.&nbsp;<\/p>\n<\/blockquote>\n\n\n\n<p>A casi dos a\u00f1os de haber visitado nuestro pa\u00eds por \u00faltima vez, la ic\u00f3nica banda brit\u00e1nica conocida como \u201cIron Maiden\u201d anunci\u00f3 que regresar\u00e1 a M\u00e9xico para 2024, esto como parte de su gira \u201cThe Future Past World Tour 2024\u201d, dicho concierto se llevar\u00e1 a cabo en el Foro Sol de la Ciudad de M\u00e9xico.<br><\/p>\n\n\n\n<p>De acuerdo con la informaci\u00f3n publicada en su sitio oficial, \u2018eddie\u2019 har\u00e1 acto de presencia en los escenarios mexicanos el pr\u00f3ximo 20 de noviembre del 2024, el anuncio de este concierto en M\u00e9xico vino de la mano con otra fecha programada para Colombia el 24 de noviembre de 2024.<br><\/p>\n\n\n\n<p>A trav\u00e9s de su sitio oficial y de la promotora, se dio a conocer que habr\u00e1 diferentes fechas de ventas para todos los fans de esta banda de rock. La primera de ellas se llevar\u00e1 a cabo el pr\u00f3ximo mi\u00e9rcoles 29 de noviembre y comenzar\u00e1 a las 11:00 horas, esta es dise\u00f1ada para todos aquellos miembros con su membres\u00eda vigente del club de fans.<br><\/p>\n\n\n\n<figure class=\"wp-block-image size-large\"><img fetchpriority=\"high\" decoding=\"async\" width=\"1024\" height=\"503\" src=\"https:\/\/elinformante.mx\/wp-content\/uploads\/2023\/11\/iron-maden-1024x503.jpg\" alt=\"\" class=\"wp-image-42033\" srcset=\"https:\/\/elinformante.mx\/wp-content\/uploads\/2023\/11\/iron-maden-1024x503.jpg 1024w, https:\/\/elinformante.mx\/wp-content\/uploads\/2023\/11\/iron-maden-300x147.jpg 300w, https:\/\/elinformante.mx\/wp-content\/uploads\/2023\/11\/iron-maden-768x377.jpg 768w, https:\/\/elinformante.mx\/wp-content\/uploads\/2023\/11\/iron-maden-580x285.jpg 580w, https:\/\/elinformante.mx\/wp-content\/uploads\/2023\/11\/iron-maden-860x422.jpg 860w, https:\/\/elinformante.mx\/wp-content\/uploads\/2023\/11\/iron-maden.jpg 1140w\" sizes=\"(max-width: 1024px) 100vw, 1024px\" \/><\/figure>\n\n\n\n<p>Posterior a ello, habr\u00e1 una venta especial para tarjetahabientes los d\u00edas 30 de noviembre y 1 de diciembre que se habilitar\u00e1 a partir de las 14:00 horas del d\u00eda, tiempo de la Ciudad de M\u00e9xico.<br><\/p>\n\n\n\n<p>Por \u00faltimo, la venta al p\u00fablico general se habilitar\u00e1 hasta el pr\u00f3ximo lunes 4 de diciembre, de igual manera a partir de las 14:00 horas del d\u00eda, durante estas tres ventanillas de venta, los fans podr\u00e1n comprar sus entradas.<br><\/p>\n\n\n\n<p>Hasta el momento se desconoce si podr\u00e1 haber una segunda fecha para Iron Maiden en nuestro pa\u00eds, esto debido a lo pegado que est\u00e1 con el concierto que se dar\u00e1 en Colombia, lo que es una realidad es que nuestro pa\u00eds no que quedar\u00e1 fuera de la gira \u201cThe Future Past World Tour 2024\u201d.<\/p>\n","protected":false},"excerpt":{"rendered":"<p>Como parte de su gira, \u201cThe Future Past World Tour\u201d, Iron Maiden anunci\u00f3 un concierto preparado para nuestro pa\u00eds.&nbsp; A casi dos a\u00f1os de haber visitado nuestro pa\u00eds por \u00faltima vez, la ic\u00f3nica banda brit\u00e1nica conocida como \u201cIron Maiden\u201d anunci\u00f3 que regresar\u00e1 a M\u00e9xico para 2024, esto como parte de su gira \u201cThe Future Past [&hellip;]<\/p>\n","protected":false},"author":1,"featured_media":42032,"comment_status":"closed","ping_status":"closed","sticky":false,"template":"","format":"standard","meta":{"footnotes":""},"categories":[30,39],"tags":[],"class_list":["post-42031","post","type-post","status-publish","format-standard","has-post-thumbnail","hentry","category-destacado","category-espectaculos"],"_links":{"self":[{"href":"https:\/\/elinformante.mx\/index.php?rest_route=\/wp\/v2\/posts\/42031","targetHints":{"allow":["GET"]}}],"collection":[{"href":"https:\/\/elinformante.mx\/index.php?rest_route=\/wp\/v2\/posts"}],"about":[{"href":"https:\/\/elinformante.mx\/index.php?rest_route=\/wp\/v2\/types\/post"}],"author":[{"embeddable":true,"href":"https:\/\/elinformante.mx\/index.php?rest_route=\/wp\/v2\/users\/1"}],"replies":[{"embeddable":true,"href":"https:\/\/elinformante.mx\/index.php?rest_route=%2Fwp%2Fv2%2Fcomments&post=42031"}],"version-history":[{"count":0,"href":"https:\/\/elinformante.mx\/index.php?rest_route=\/wp\/v2\/posts\/42031\/revisions"}],"wp:featuredmedia":[{"embeddable":true,"href":"https:\/\/elinformante.mx\/index.php?rest_route=\/wp\/v2\/media\/42032"}],"wp:attachment":[{"href":"https:\/\/elinformante.mx\/index.php?rest_route=%2Fwp%2Fv2%2Fmedia&parent=42031"}],"wp:term":[{"taxonomy":"category","embeddable":true,"href":"https:\/\/elinformante.mx\/index.php?rest_route=%2Fwp%2Fv2%2Fcategories&post=42031"},{"taxonomy":"post_tag","embeddable":true,"href":"https:\/\/elinformante.mx\/index.php?rest_route=%2Fwp%2Fv2%2Ftags&post=42031"}],"curies":[{"name":"wp","href":"https:\/\/api.w.org\/{rel}","templated":true}]}}