{"id":42035,"date":"2023-11-28T06:04:05","date_gmt":"2023-11-28T12:04:05","guid":{"rendered":"https:\/\/elinformante.mx\/?p=42035"},"modified":"2023-12-01T00:48:37","modified_gmt":"2023-12-01T06:48:37","slug":"prohiben-los-vuelos-a-paris-durante-la-ceremonia-de-inauguracion-de-los-juegos-olimpicos-2024","status":"publish","type":"post","link":"https:\/\/elinformante.mx\/?p=42035","title":{"rendered":"Proh\u00edben los vuelos a Par\u00eds durante la ceremonia de inauguraci\u00f3n de los Juegos Ol\u00edmpicos 2024"},"content":{"rendered":"\n<blockquote class=\"wp-block-quote is-layout-flow wp-block-quote-is-layout-flow\">\n<p>El Ministerio de Defensa ser\u00e1 el encargado de hacer respetar las limitaciones \u201ca trav\u00e9s de m\u00e9todos de detecci\u00f3n de intervenci\u00f3n espec\u00edficos\u201d.<\/p>\n<\/blockquote>\n\n\n\n<p>El espacio a\u00e9reo de Par\u00eds durante la ceremonia inaugural de los Juegos Ol\u00edmpicos de 2024 estar\u00e1 cerrado en un radio de 150 kil\u00f3metros en torno a la capital francesa, indicaron este lunes las autoridades de aviaci\u00f3n civil.<br><\/p>\n\n\n\n<p>Durante esa ceremonia, el 26 de julio, \u201cuna zona estricta de interdicci\u00f3n temporal, de un radio de 150 kil\u00f3metros y sin l\u00edmite de altitud, se impondr\u00e1 alrededor de Par\u00eds entre las 19:00 y medianoche\u201d, se\u00f1al\u00f3 a la agencia EFE la Direcci\u00f3n General de Aviaci\u00f3n Civil (DGCA).<br><\/p>\n\n\n\n<p>Solo existe la posibilidad de vuelos de servicios de emergencia y de los que se beneficien de una autorizaci\u00f3n excepcional del Ministerio de Defensa, pero, salvo esas excepciones, \u201cning\u00fan vuelo ser\u00e1 permitido en el espacio a\u00e9reo durante el horario mencionado\u201d, insisti\u00f3 el organismo.<br><\/p>\n\n\n\n<p>Las aerol\u00edneas y las empresas de vuelos privados \u201cser\u00e1n invitadas a retrasar su actividad o a contornear esa zona durante el per\u00edodo de aplicaci\u00f3n\u201d, a\u00f1adi\u00f3 la DGCA.<br><\/p>\n\n\n\n<p>Agreg\u00f3 que para asegurar el cumplimiento de las restricciones los dos grandes aeropuertos parisinos, Charles de Gaulle y Orly, ser\u00e1n objeto de regulaciones a partir de las 17:00 horas del 26 de julio.<br><\/p>\n\n\n\n<p>El Ministerio de Defensa ser\u00e1 el encargado de hacer respetar las limitaciones \u201ca trav\u00e9s de m\u00e9todos de detecci\u00f3n de intervenci\u00f3n espec\u00edficos\u201d.<\/p>\n","protected":false},"excerpt":{"rendered":"<p>El Ministerio de Defensa ser\u00e1 el encargado de hacer respetar las limitaciones \u201ca trav\u00e9s de m\u00e9todos de detecci\u00f3n de intervenci\u00f3n espec\u00edficos\u201d. El espacio a\u00e9reo de Par\u00eds durante la ceremonia inaugural de los Juegos Ol\u00edmpicos de 2024 estar\u00e1 cerrado en un radio de 150 kil\u00f3metros en torno a la capital francesa, indicaron este lunes las autoridades [&hellip;]<\/p>\n","protected":false},"author":1,"featured_media":42036,"comment_status":"closed","ping_status":"closed","sticky":false,"template":"","format":"standard","meta":{"footnotes":""},"categories":[38],"tags":[],"class_list":["post-42035","post","type-post","status-publish","format-standard","has-post-thumbnail","hentry","category-deportes"],"_links":{"self":[{"href":"https:\/\/elinformante.mx\/index.php?rest_route=\/wp\/v2\/posts\/42035","targetHints":{"allow":["GET"]}}],"collection":[{"href":"https:\/\/elinformante.mx\/index.php?rest_route=\/wp\/v2\/posts"}],"about":[{"href":"https:\/\/elinformante.mx\/index.php?rest_route=\/wp\/v2\/types\/post"}],"author":[{"embeddable":true,"href":"https:\/\/elinformante.mx\/index.php?rest_route=\/wp\/v2\/users\/1"}],"replies":[{"embeddable":true,"href":"https:\/\/elinformante.mx\/index.php?rest_route=%2Fwp%2Fv2%2Fcomments&post=42035"}],"version-history":[{"count":0,"href":"https:\/\/elinformante.mx\/index.php?rest_route=\/wp\/v2\/posts\/42035\/revisions"}],"wp:featuredmedia":[{"embeddable":true,"href":"https:\/\/elinformante.mx\/index.php?rest_route=\/wp\/v2\/media\/42036"}],"wp:attachment":[{"href":"https:\/\/elinformante.mx\/index.php?rest_route=%2Fwp%2Fv2%2Fmedia&parent=42035"}],"wp:term":[{"taxonomy":"category","embeddable":true,"href":"https:\/\/elinformante.mx\/index.php?rest_route=%2Fwp%2Fv2%2Fcategories&post=42035"},{"taxonomy":"post_tag","embeddable":true,"href":"https:\/\/elinformante.mx\/index.php?rest_route=%2Fwp%2Fv2%2Ftags&post=42035"}],"curies":[{"name":"wp","href":"https:\/\/api.w.org\/{rel}","templated":true}]}}