{"id":42046,"date":"2023-11-28T06:11:11","date_gmt":"2023-11-28T12:11:11","guid":{"rendered":"https:\/\/elinformante.mx\/?p=42046"},"modified":"2023-12-01T00:48:36","modified_gmt":"2023-12-01T06:48:36","slug":"aseguran-tres-camiones-con-95-migrantes-y-detienen-a-seis-por-trafico-de-personas","status":"publish","type":"post","link":"https:\/\/elinformante.mx\/?p=42046","title":{"rendered":"Aseguran tres camiones con 95 migrantes y detienen a seis por tr\u00e1fico de personas"},"content":{"rendered":"\n<blockquote class=\"wp-block-quote is-layout-flow wp-block-quote-is-layout-flow\">\n<p>Ecuador, Guatemala, El Salvador y Nicaragua son algunos de los pa\u00edses de origen de las personas que viajaban en las unidades.<\/p>\n<\/blockquote>\n\n\n\n<p>La inmediata atenci\u00f3n a una denuncia, permiti\u00f3 que elementos de la Secretar\u00eda de Seguridad (SS) aseguraran tres autobuses en los cuales viajaban 95 personas de diferentes nacionalidades; en la intervenci\u00f3n, detuvieron a seis hombres por su probable participaci\u00f3n en el delito de tr\u00e1fico de personas indocumentadas<br><\/p>\n\n\n\n<p>Durante la implementaci\u00f3n de recorridos preventivos y de vigilancia para inhibir la comisi\u00f3n de cualquier il\u00edcito, efectivos estatales fueron alertados por personal de una empresa de transporte sobre el robo de una de sus unidades, la cual tom\u00f3 ruta hacia la caseta \u201cEl Dorado\u201d de la carretera Toluca \u2013 Atlacomulco.<br><\/p>\n\n\n\n<p>De manera inmediata, los polic\u00edas se trasladaron a la zona y visualizaron una unidad que coincid\u00eda con las caracter\u00edsticas reportadas, luego de darle alcance y mediante comandos verbales le solicitaron al operador detener la marcha para realizar una revisi\u00f3n protocolaria, a la cual accedi\u00f3 voluntariamente.<br><\/p>\n\n\n\n<figure class=\"wp-block-image size-large\"><img fetchpriority=\"high\" decoding=\"async\" width=\"1024\" height=\"503\" src=\"https:\/\/elinformante.mx\/wp-content\/uploads\/2023\/11\/aseguran-tres-2-1024x503.jpg\" alt=\"\" class=\"wp-image-42048\" srcset=\"https:\/\/elinformante.mx\/wp-content\/uploads\/2023\/11\/aseguran-tres-2-1024x503.jpg 1024w, https:\/\/elinformante.mx\/wp-content\/uploads\/2023\/11\/aseguran-tres-2-300x147.jpg 300w, https:\/\/elinformante.mx\/wp-content\/uploads\/2023\/11\/aseguran-tres-2-768x377.jpg 768w, https:\/\/elinformante.mx\/wp-content\/uploads\/2023\/11\/aseguran-tres-2-580x285.jpg 580w, https:\/\/elinformante.mx\/wp-content\/uploads\/2023\/11\/aseguran-tres-2-860x422.jpg 860w, https:\/\/elinformante.mx\/wp-content\/uploads\/2023\/11\/aseguran-tres-2.jpg 1140w\" sizes=\"(max-width: 1024px) 100vw, 1024px\" \/><\/figure>\n\n\n\n<p>Despu\u00e9s de cotejar con el Centro de Monitoreo estatal, los oficiales verificaron que la unidad contaba con reporte de hurto, lo cual neg\u00f3 el conductor, quien se\u00f1al\u00f3 que salieron de la Terminal del Norte con destino a Tijuana y la mayor\u00eda de los pasajeros eran de otros pa\u00edses y no contaban con la documentaci\u00f3n correspondiente para su estancia legal en el pa\u00eds, adem\u00e1s, que dos unidades m\u00e1s de la misma empresa transportaban a otros migrantes.<br><\/p>\n\n\n\n<p>Al tiempo, dos camiones arribaron, uno marca Volvo, modelo Irisa, color blanco y el otro Mercedes Benz, los cuales fueron inspeccionados por los uniformados en los cuales viajaban un total de 62 personas con las mismas condiciones que la primera unidad.<br><\/p>\n\n\n\n<p>Tras los hechos, luego de leer los derechos que la ley confiere, las fuerzas del orden detuvieron a Arturo \u201cN\u201d de 46 a\u00f1os, Juan \u201cN\u201d de 34 a\u00f1os, Rafael \u201cN\u201d de 49 a\u00f1os, Sergio \u201cN\u201d de 50 a\u00f1os, Juli\u00e1n \u201cN\u201d de 50 a\u00f1os y Roberto \u201cN\u201d de 54 a\u00f1os de edad, a quienes les decomisaron seis tel\u00e9fonos celulares, la cantidad de 41 mil 762 pesos; enseguida, fueron trasladados a las instalaciones de la Fiscal\u00eda General de la Rep\u00fablica (FGR) con sede en Toluca, donde se determinar\u00e1 su situaci\u00f3n jur\u00eddica.<br><\/p>\n\n\n\n<p>Cabe se\u00f1alar que 85 migrantes fueron trasladados al Instituto Nacional de Migraci\u00f3n (INM) en la CDMX, para la repatriaci\u00f3n a su pa\u00eds de origen, los diez restantes est\u00e1n en resguardo de la FGR, para realizar la imputaci\u00f3n a los seis operadores que los trasladaban.<\/p>\n","protected":false},"excerpt":{"rendered":"<p>Ecuador, Guatemala, El Salvador y Nicaragua son algunos de los pa\u00edses de origen de las personas que viajaban en las unidades. La inmediata atenci\u00f3n a una denuncia, permiti\u00f3 que elementos de la Secretar\u00eda de Seguridad (SS) aseguraran tres autobuses en los cuales viajaban 95 personas de diferentes nacionalidades; en la intervenci\u00f3n, detuvieron a seis hombres [&hellip;]<\/p>\n","protected":false},"author":1,"featured_media":42047,"comment_status":"closed","ping_status":"closed","sticky":false,"template":"","format":"standard","meta":{"footnotes":""},"categories":[30,36,37],"tags":[],"class_list":["post-42046","post","type-post","status-publish","format-standard","has-post-thumbnail","hentry","category-destacado","category-edomex","category-justicia"],"_links":{"self":[{"href":"https:\/\/elinformante.mx\/index.php?rest_route=\/wp\/v2\/posts\/42046","targetHints":{"allow":["GET"]}}],"collection":[{"href":"https:\/\/elinformante.mx\/index.php?rest_route=\/wp\/v2\/posts"}],"about":[{"href":"https:\/\/elinformante.mx\/index.php?rest_route=\/wp\/v2\/types\/post"}],"author":[{"embeddable":true,"href":"https:\/\/elinformante.mx\/index.php?rest_route=\/wp\/v2\/users\/1"}],"replies":[{"embeddable":true,"href":"https:\/\/elinformante.mx\/index.php?rest_route=%2Fwp%2Fv2%2Fcomments&post=42046"}],"version-history":[{"count":0,"href":"https:\/\/elinformante.mx\/index.php?rest_route=\/wp\/v2\/posts\/42046\/revisions"}],"wp:featuredmedia":[{"embeddable":true,"href":"https:\/\/elinformante.mx\/index.php?rest_route=\/wp\/v2\/media\/42047"}],"wp:attachment":[{"href":"https:\/\/elinformante.mx\/index.php?rest_route=%2Fwp%2Fv2%2Fmedia&parent=42046"}],"wp:term":[{"taxonomy":"category","embeddable":true,"href":"https:\/\/elinformante.mx\/index.php?rest_route=%2Fwp%2Fv2%2Fcategories&post=42046"},{"taxonomy":"post_tag","embeddable":true,"href":"https:\/\/elinformante.mx\/index.php?rest_route=%2Fwp%2Fv2%2Ftags&post=42046"}],"curies":[{"name":"wp","href":"https:\/\/api.w.org\/{rel}","templated":true}]}}