{"id":42050,"date":"2023-11-28T06:13:03","date_gmt":"2023-11-28T12:13:03","guid":{"rendered":"https:\/\/elinformante.mx\/?p=42050"},"modified":"2023-12-01T00:48:36","modified_gmt":"2023-12-01T06:48:36","slug":"se-une-secretaria-de-bienestar-a-16-dias-de-activismo-para-erradicar-la-violencia-de-genero-en-edomex","status":"publish","type":"post","link":"https:\/\/elinformante.mx\/?p=42050","title":{"rendered":"Se une Secretar\u00eda de Bienestar a 16 d\u00edas de activismo para erradicar la violencia de g\u00e9nero en Edom\u00e9x"},"content":{"rendered":"\n<blockquote class=\"wp-block-quote is-layout-flow wp-block-quote-is-layout-flow\">\n<p>Buscan brindar mayores oportunidades de crecimiento y desarrollo de las mujeres con la realizaci\u00f3n de diversas din\u00e1micas para sensibilizar sobre el tema.<\/p>\n<\/blockquote>\n\n\n\n<p>Las diversas \u00e1reas que conforman la Secretar\u00eda de Bienestar se sumaron a la campa\u00f1a anual de 16 D\u00edas de Activismo, del 25 de noviembre al 10 de diciembre, fechas conmemorativas del D\u00eda Internacional para la Eliminaci\u00f3n de la Violencia contra la Mujer y el D\u00eda Internacional de los Derechos Humanos, respectivamente.<br><\/p>\n\n\n\n<p>Durante los d\u00edas mencionados, se realizan actividades de concientizaci\u00f3n con el prop\u00f3sito de prevenir y erradicar este problema para brindar a las mujeres m\u00e1s oportunidades de crecimiento y desarrollo de forma saludable en sus entornos.<br><\/p>\n\n\n\n<p>Las actividades comenzaron con un foro informativo donde participaron integrantes de la dependencia para conocer acerca del tema y as\u00ed desempe\u00f1ar sus funciones con apego a valores que coadyuven a elevar la calidad de vida de todos los sectores, con atenci\u00f3n de calidad, calidez y humanismo.<br><\/p>\n\n\n\n<p>En el transcurso de los 16 d\u00edas, se llevar\u00e1n a cabo capacitaciones, conferencias con personas especializadas, difusi\u00f3n de informaci\u00f3n por redes sociales, cine debates y din\u00e1micas de convivencia entre los funcionarios de la dependencia.<br><\/p>\n\n\n\n<p>Al respecto, Juan Carlos Gonz\u00e1lez Romero, Secretario de Bienestar, resalt\u00f3 que el trabajo que se emprende al interior de la dependencia es importante porque las mujeres son un eje fundamental de las pol\u00edticas p\u00fablicas de la actual administraci\u00f3n y mediante estas acciones se trabaja para alcanzar una entidad libre de cualquier tipo de violencia.<br><\/p>\n\n\n\n<p>Asegur\u00f3 que la Gobernadora Delfina G\u00f3mez \u00c1lvarez tiene el compromiso de servir a la poblaci\u00f3n, en especial a los grupos m\u00e1s desprotegidos, por ello, implementa las Mesas de Coordinaci\u00f3n para la Construcci\u00f3n de la Paz en los diferentes municipios de la entidad, con el prop\u00f3sito de escuchar las necesidades y focalizar estrategias de acci\u00f3n para garantizar la seguridad y justicia social de las y los mexiquenses.<br><\/p>\n\n\n\n<p>Esta iniciativa surge en 1991 por el trabajo conjunto de activistas del Instituto para el Liderazgo Global de las Mujeres con organizaciones e individuos a fin de exigir la erradicaci\u00f3n de la violencia contra mujeres y ni\u00f1as.<br><\/p>\n\n\n\n<p>Por otro lado, en 2008, la Organizaci\u00f3n de las Naciones Unidas (ONU) respald\u00f3 esta labor a trav\u00e9s del lanzamiento de la campa\u00f1a \u00daNETE que se centra en impulsar acciones para visibilizar y tomar acci\u00f3n con el objetivo de poner fin a esta problem\u00e1tica social.<\/p>\n","protected":false},"excerpt":{"rendered":"<p>Buscan brindar mayores oportunidades de crecimiento y desarrollo de las mujeres con la realizaci\u00f3n de diversas din\u00e1micas para sensibilizar sobre el tema. Las diversas \u00e1reas que conforman la Secretar\u00eda de Bienestar se sumaron a la campa\u00f1a anual de 16 D\u00edas de Activismo, del 25 de noviembre al 10 de diciembre, fechas conmemorativas del D\u00eda Internacional [&hellip;]<\/p>\n","protected":false},"author":1,"featured_media":42051,"comment_status":"closed","ping_status":"closed","sticky":false,"template":"","format":"standard","meta":{"footnotes":""},"categories":[36],"tags":[],"class_list":["post-42050","post","type-post","status-publish","format-standard","has-post-thumbnail","hentry","category-edomex"],"_links":{"self":[{"href":"https:\/\/elinformante.mx\/index.php?rest_route=\/wp\/v2\/posts\/42050","targetHints":{"allow":["GET"]}}],"collection":[{"href":"https:\/\/elinformante.mx\/index.php?rest_route=\/wp\/v2\/posts"}],"about":[{"href":"https:\/\/elinformante.mx\/index.php?rest_route=\/wp\/v2\/types\/post"}],"author":[{"embeddable":true,"href":"https:\/\/elinformante.mx\/index.php?rest_route=\/wp\/v2\/users\/1"}],"replies":[{"embeddable":true,"href":"https:\/\/elinformante.mx\/index.php?rest_route=%2Fwp%2Fv2%2Fcomments&post=42050"}],"version-history":[{"count":0,"href":"https:\/\/elinformante.mx\/index.php?rest_route=\/wp\/v2\/posts\/42050\/revisions"}],"wp:featuredmedia":[{"embeddable":true,"href":"https:\/\/elinformante.mx\/index.php?rest_route=\/wp\/v2\/media\/42051"}],"wp:attachment":[{"href":"https:\/\/elinformante.mx\/index.php?rest_route=%2Fwp%2Fv2%2Fmedia&parent=42050"}],"wp:term":[{"taxonomy":"category","embeddable":true,"href":"https:\/\/elinformante.mx\/index.php?rest_route=%2Fwp%2Fv2%2Fcategories&post=42050"},{"taxonomy":"post_tag","embeddable":true,"href":"https:\/\/elinformante.mx\/index.php?rest_route=%2Fwp%2Fv2%2Ftags&post=42050"}],"curies":[{"name":"wp","href":"https:\/\/api.w.org\/{rel}","templated":true}]}}