{"id":42053,"date":"2023-11-28T06:15:29","date_gmt":"2023-11-28T12:15:29","guid":{"rendered":"https:\/\/elinformante.mx\/?p=42053"},"modified":"2023-12-01T00:48:35","modified_gmt":"2023-12-01T06:48:35","slug":"presidentes-municipales-alertan-por-crisis-hidrica-en-el-valle-de-mexico","status":"publish","type":"post","link":"https:\/\/elinformante.mx\/?p=42053","title":{"rendered":"Presidentes Municipales alertan por crisis h\u00eddrica en el Valle de M\u00e9xico"},"content":{"rendered":"\n<blockquote class=\"wp-block-quote is-layout-flow wp-block-quote-is-layout-flow\">\n<p>Dieron a conocer que formar\u00e1n un frente com\u00fan para enfrentar la emergencia por escasez de agua en el Valle de M\u00e9xico.<\/p>\n<\/blockquote>\n\n\n\n<p>Presidentes municipales de cuatro municipios del Valle de M\u00e9xico alertaron por una crisis h\u00eddrica en sus demarcaciones ante la reducci\u00f3n de los caudales de l\u00edquido por parte de la Comisi\u00f3n Nacional del Agua (Conagua).<br><\/p>\n\n\n\n<p>En conferencia de prensa, los titulares de los ayuntamientos de Naucalpan, Tlalnepantla, Cuautitl\u00e1n y Atizap\u00e1n se\u00f1alaron que formar\u00e1n un frente com\u00fan para enfrentar la emergencia por escasez de agua en el Valle de M\u00e9xico.<br><\/p>\n\n\n\n<p>Pedro Rodr\u00edguez, alcalde de Atizap\u00e1n, indic\u00f3 que el recorte de suministro de agua ha alcanzado hasta 50% y no tienen informaci\u00f3n de hasta qu\u00e9 porcentaje llegar\u00e1 el pr\u00f3ximo a\u00f1o.<br><\/p>\n\n\n\n<p>El presidente municipal de Atizap\u00e1n asever\u00f3 que la escasez de agua ha generado \u201cbrotes de inconformidad\u201d en varios puntos de la poblaci\u00f3n.<br><\/p>\n\n\n\n<p>Indic\u00f3 que a los titulares de los ayuntamientos se les responsabiliza del desabasto h\u00eddrico; sin embargo, en el recorte del caudal tambi\u00e9n se involucra la Comisi\u00f3n Nacional del Agua y el Gobierno del Estado de M\u00e9xico.<br><\/p>\n\n\n\n<figure class=\"wp-block-image size-large\"><img fetchpriority=\"high\" decoding=\"async\" width=\"1024\" height=\"503\" src=\"https:\/\/elinformante.mx\/wp-content\/uploads\/2023\/11\/PRESIDENTE-MUNICIPALES-1024x503.jpg\" alt=\"\" class=\"wp-image-42055\" srcset=\"https:\/\/elinformante.mx\/wp-content\/uploads\/2023\/11\/PRESIDENTE-MUNICIPALES-1024x503.jpg 1024w, https:\/\/elinformante.mx\/wp-content\/uploads\/2023\/11\/PRESIDENTE-MUNICIPALES-300x147.jpg 300w, https:\/\/elinformante.mx\/wp-content\/uploads\/2023\/11\/PRESIDENTE-MUNICIPALES-768x377.jpg 768w, https:\/\/elinformante.mx\/wp-content\/uploads\/2023\/11\/PRESIDENTE-MUNICIPALES-580x285.jpg 580w, https:\/\/elinformante.mx\/wp-content\/uploads\/2023\/11\/PRESIDENTE-MUNICIPALES-860x422.jpg 860w, https:\/\/elinformante.mx\/wp-content\/uploads\/2023\/11\/PRESIDENTE-MUNICIPALES.jpg 1140w\" sizes=\"(max-width: 1024px) 100vw, 1024px\" \/><\/figure>\n\n\n\n<p>Por su parte, el alcalde de Tlalnepantla, Marco Antonio Rodr\u00edguez, rechaz\u00f3 que el recorte se trate de una cuesti\u00f3n pol\u00edtica por representar a partidos de oposici\u00f3n en esas demarcaciones del Valle de M\u00e9xico.<br><\/p>\n\n\n\n<p>Se\u00f1al\u00f3 que su petici\u00f3n a la Conagua y las autoridades estatales es que les aclaren de qu\u00e9 porcentaje ser\u00e1 el corte del caudal h\u00eddrico en los pr\u00f3ximos meses para que puedan establecer un plan a mediano plazo y conocer qu\u00e9 colonias y cu\u00e1nta poblaci\u00f3n ser\u00e1 afectada.<br><\/p>\n\n\n\n<p>La presidenta municipal de Cuautitl\u00e1n, Karla Fiesco, indic\u00f3 que una de sus peticiones es para que la Comisi\u00f3n Federal de Electricidad (CFE) reduzca el pago de suministro el\u00e9ctrico de los pozos, pues ha aumentado su demanda, sin que se cuenta con el suficiente l\u00edquido para abastecer a la poblaci\u00f3n.<br><\/p>\n\n\n\n<p>A su vez, Ang\u00e9lica Moya, presidenta de Naucalpan, alert\u00f3 que la situaci\u00f3n es cr\u00edtica y podr\u00eda empeorar el pr\u00f3ximo a\u00f1o, por lo que las alcald\u00edas de esa zona del Valle de M\u00e9xico deben tomar previsiones.<br><\/p>\n\n\n\n<p>Otras de las peticiones de los cuatro alcaldes es que se les apoye con recursos para el abasto de agua a colonias a trav\u00e9s de pipas, as\u00ed como la inversi\u00f3n en perforaci\u00f3n de pozos.<br><\/p>\n\n\n\n<p>Uno de los planteamientos es que les sean adelantados recursos a sus municipios de diversos fondos federales para que puedan enfrentar la temporada de estiaje en 2024.<\/p>\n","protected":false},"excerpt":{"rendered":"<p>Dieron a conocer que formar\u00e1n un frente com\u00fan para enfrentar la emergencia por escasez de agua en el Valle de M\u00e9xico. Presidentes municipales de cuatro municipios del Valle de M\u00e9xico alertaron por una crisis h\u00eddrica en sus demarcaciones ante la reducci\u00f3n de los caudales de l\u00edquido por parte de la Comisi\u00f3n Nacional del Agua (Conagua). [&hellip;]<\/p>\n","protected":false},"author":1,"featured_media":42054,"comment_status":"closed","ping_status":"closed","sticky":false,"template":"","format":"standard","meta":{"footnotes":""},"categories":[30,36],"tags":[],"class_list":["post-42053","post","type-post","status-publish","format-standard","has-post-thumbnail","hentry","category-destacado","category-edomex"],"_links":{"self":[{"href":"https:\/\/elinformante.mx\/index.php?rest_route=\/wp\/v2\/posts\/42053","targetHints":{"allow":["GET"]}}],"collection":[{"href":"https:\/\/elinformante.mx\/index.php?rest_route=\/wp\/v2\/posts"}],"about":[{"href":"https:\/\/elinformante.mx\/index.php?rest_route=\/wp\/v2\/types\/post"}],"author":[{"embeddable":true,"href":"https:\/\/elinformante.mx\/index.php?rest_route=\/wp\/v2\/users\/1"}],"replies":[{"embeddable":true,"href":"https:\/\/elinformante.mx\/index.php?rest_route=%2Fwp%2Fv2%2Fcomments&post=42053"}],"version-history":[{"count":0,"href":"https:\/\/elinformante.mx\/index.php?rest_route=\/wp\/v2\/posts\/42053\/revisions"}],"wp:featuredmedia":[{"embeddable":true,"href":"https:\/\/elinformante.mx\/index.php?rest_route=\/wp\/v2\/media\/42054"}],"wp:attachment":[{"href":"https:\/\/elinformante.mx\/index.php?rest_route=%2Fwp%2Fv2%2Fmedia&parent=42053"}],"wp:term":[{"taxonomy":"category","embeddable":true,"href":"https:\/\/elinformante.mx\/index.php?rest_route=%2Fwp%2Fv2%2Fcategories&post=42053"},{"taxonomy":"post_tag","embeddable":true,"href":"https:\/\/elinformante.mx\/index.php?rest_route=%2Fwp%2Fv2%2Ftags&post=42053"}],"curies":[{"name":"wp","href":"https:\/\/api.w.org\/{rel}","templated":true}]}}