{"id":42064,"date":"2023-11-28T06:21:26","date_gmt":"2023-11-28T12:21:26","guid":{"rendered":"https:\/\/elinformante.mx\/?p=42064"},"modified":"2023-12-01T00:48:35","modified_gmt":"2023-12-01T06:48:35","slug":"inician-programa-de-apoyo-a-la-poblacion-de-zinacantepec","status":"publish","type":"post","link":"https:\/\/elinformante.mx\/?p=42064","title":{"rendered":"Inician programa de apoyo a la poblaci\u00f3n de Zinacantepec"},"content":{"rendered":"\n<blockquote class=\"wp-block-quote is-layout-flow wp-block-quote-is-layout-flow\">\n<p>El Presidente Municipal Manuel Vilchis Viveros ha impulsado diversas acciones en favor de la poblaci\u00f3n infantil, como la construcci\u00f3n y rehabilitaci\u00f3n de espacios deportivos, culturales y recreativos y educativos.<\/p>\n<\/blockquote>\n\n\n\n<p>El Sistema Municipal para el Desarrollo Integral de la Familia (DIF) Zinacantepec inici\u00f3 el programa #AbrigandoZinacantepec2023, con el objetivo de brindar apoyo y protecci\u00f3n a las ni\u00f1as y ni\u00f1os de las zonas m\u00e1s vulnerables del municipio ante la temporada de fr\u00edo.<br><\/p>\n\n\n\n<p>Como parte de este programa, el d\u00eda de hoy se realiz\u00f3 la entrega de chalecos a los alumnos de los jardines de ni\u00f1os \u201cAndr\u00e9s Bello\u201d en San Bartolo el Llano y \u201cPablo Cassals\u201d en El C\u00f3poro.<br><\/p>\n\n\n\n<figure class=\"wp-block-image size-large\"><img fetchpriority=\"high\" decoding=\"async\" width=\"1024\" height=\"503\" src=\"https:\/\/elinformante.mx\/wp-content\/uploads\/2023\/11\/INICIAN-PROGRAMA-2-1024x503.jpg\" alt=\"\" class=\"wp-image-42066\" srcset=\"https:\/\/elinformante.mx\/wp-content\/uploads\/2023\/11\/INICIAN-PROGRAMA-2-1024x503.jpg 1024w, https:\/\/elinformante.mx\/wp-content\/uploads\/2023\/11\/INICIAN-PROGRAMA-2-300x147.jpg 300w, https:\/\/elinformante.mx\/wp-content\/uploads\/2023\/11\/INICIAN-PROGRAMA-2-768x377.jpg 768w, https:\/\/elinformante.mx\/wp-content\/uploads\/2023\/11\/INICIAN-PROGRAMA-2-580x285.jpg 580w, https:\/\/elinformante.mx\/wp-content\/uploads\/2023\/11\/INICIAN-PROGRAMA-2-860x422.jpg 860w, https:\/\/elinformante.mx\/wp-content\/uploads\/2023\/11\/INICIAN-PROGRAMA-2.jpg 1140w\" sizes=\"(max-width: 1024px) 100vw, 1024px\" \/><\/figure>\n\n\n\n<p>Durante la entrega, la Presidenta Honor\u00edfica del DIF, Jessica R\u00edos Lara, recorri\u00f3 las instalaciones de las escuelas, convers\u00f3 con algunos de los peque\u00f1os, padres de familia y docentes, y les expres\u00f3 su inter\u00e9s por mejorar las condiciones educativas y sociales de la comunidad. R\u00edos Lara destac\u00f3 que trabajando unidos, ser\u00e1 posible brindar a las y los ni\u00f1os de Zinacantepec mejores herramientas para un gran futuro.<br><\/p>\n\n\n\n<p>Asimismo, agradeci\u00f3 el respaldo permanente de su esposo, el Presidente Municipal Manuel Vilchis Viveros, quien ha impulsado diversas acciones en favor de la poblaci\u00f3n infantil, como la construcci\u00f3n y rehabilitaci\u00f3n de espacios deportivos, culturales y recreativos y educativos.<br><\/p>\n\n\n\n<p>El programa #AbrigandoZinacantepec2023 continuar\u00e1 realizando entregas de chalecos y otros apoyos en las diferentes comunidades del municipio, con el fin de cubrir las necesidades de las familias m\u00e1s necesitadas y contribuir a su desarrollo integral.<\/p>\n","protected":false},"excerpt":{"rendered":"<p>El Presidente Municipal Manuel Vilchis Viveros ha impulsado diversas acciones en favor de la poblaci\u00f3n infantil, como la construcci\u00f3n y rehabilitaci\u00f3n de espacios deportivos, culturales y recreativos y educativos. El Sistema Municipal para el Desarrollo Integral de la Familia (DIF) Zinacantepec inici\u00f3 el programa #AbrigandoZinacantepec2023, con el objetivo de brindar apoyo y protecci\u00f3n a las [&hellip;]<\/p>\n","protected":false},"author":1,"featured_media":42065,"comment_status":"closed","ping_status":"closed","sticky":false,"template":"","format":"standard","meta":{"footnotes":""},"categories":[30,36],"tags":[],"class_list":["post-42064","post","type-post","status-publish","format-standard","has-post-thumbnail","hentry","category-destacado","category-edomex"],"_links":{"self":[{"href":"https:\/\/elinformante.mx\/index.php?rest_route=\/wp\/v2\/posts\/42064","targetHints":{"allow":["GET"]}}],"collection":[{"href":"https:\/\/elinformante.mx\/index.php?rest_route=\/wp\/v2\/posts"}],"about":[{"href":"https:\/\/elinformante.mx\/index.php?rest_route=\/wp\/v2\/types\/post"}],"author":[{"embeddable":true,"href":"https:\/\/elinformante.mx\/index.php?rest_route=\/wp\/v2\/users\/1"}],"replies":[{"embeddable":true,"href":"https:\/\/elinformante.mx\/index.php?rest_route=%2Fwp%2Fv2%2Fcomments&post=42064"}],"version-history":[{"count":0,"href":"https:\/\/elinformante.mx\/index.php?rest_route=\/wp\/v2\/posts\/42064\/revisions"}],"wp:featuredmedia":[{"embeddable":true,"href":"https:\/\/elinformante.mx\/index.php?rest_route=\/wp\/v2\/media\/42065"}],"wp:attachment":[{"href":"https:\/\/elinformante.mx\/index.php?rest_route=%2Fwp%2Fv2%2Fmedia&parent=42064"}],"wp:term":[{"taxonomy":"category","embeddable":true,"href":"https:\/\/elinformante.mx\/index.php?rest_route=%2Fwp%2Fv2%2Fcategories&post=42064"},{"taxonomy":"post_tag","embeddable":true,"href":"https:\/\/elinformante.mx\/index.php?rest_route=%2Fwp%2Fv2%2Ftags&post=42064"}],"curies":[{"name":"wp","href":"https:\/\/api.w.org\/{rel}","templated":true}]}}