{"id":42072,"date":"2023-11-28T06:29:41","date_gmt":"2023-11-28T12:29:41","guid":{"rendered":"https:\/\/elinformante.mx\/?p=42072"},"modified":"2023-12-01T00:48:34","modified_gmt":"2023-12-01T06:48:34","slug":"facultad-de-artes-de-la-uaemex-referente-en-la-formacion-artistica-de-la-entidad","status":"publish","type":"post","link":"https:\/\/elinformante.mx\/?p=42072","title":{"rendered":"Facultad de Artes de la UAEM\u00e9x, referente en la formaci\u00f3n art\u00edstica de la entidad"},"content":{"rendered":"\n<blockquote class=\"wp-block-quote is-layout-flow wp-block-quote-is-layout-flow\">\n<p>El rector Carlos Eduardo Barrera D\u00edaz expuso que la actual administraci\u00f3n de este espacio acad\u00e9mico ha logrado disminuir el \u00edndice de deserci\u00f3n escolar un 3.4 por ciento y la matr\u00edcula de sus programas de licenciatura est\u00e1 cerca de duplicarse al pasar de 381 estudiantes en 2018 a 642 en 2023.<\/p>\n<\/blockquote>\n\n\n\n<p>Desde sus or\u00edgenes, la Facultad de Artes de la Universidad Aut\u00f3noma del Estado de M\u00e9xico (UAEM\u00e9x) se ha convertido en referente para la formaci\u00f3n de artistas visuales e investigadores en el campo de las artes, afirm\u00f3 el rector, Carlos Eduardo Barrera D\u00edaz, al encabezar el Primer Informe de actividades de la directora de este organismo acad\u00e9mico, Ana Lilia Cruz Pais.<br><\/p>\n\n\n\n<p>Ante los miembros de los consejos Acad\u00e9mico y de Gobierno de la Facultad, integrantes del gabinete universitario, exdirectores, invitados especiales, as\u00ed como estudiantes, docentes y trabajadores administrativos, Barrera D\u00edaz destac\u00f3 que la actual administraci\u00f3n de este espacio acad\u00e9mico ha logrado disminuir el \u00edndice de deserci\u00f3n escolar un 3.4 por ciento y la matr\u00edcula de sus programas de licenciatura est\u00e1 cerca de duplicarse al pasar de 381 estudiantes en 2018 a 642 en 2023.<br><\/p>\n\n\n\n<p>\u201cLas y los invit\u00f3 a que contin\u00faen dibujando y escribiendo la historia de la Facultad de Artes, con toda la pasi\u00f3n y la energ\u00eda que caracteriza a las y los artistas universitarios\u201d, abund\u00f3.<br><\/p>\n\n\n\n<p>Previo a la rendici\u00f3n del informe, Barrera D\u00edaz coloc\u00f3 la primera piedra de la construcci\u00f3n de Cub\u00edculos para profesores de tiempo completo y Sala de Maestros en el Primer Nivel del Edificio \u201cC\u201d. Adem\u00e1s, se inaugur\u00f3 el Laboratorio Digital de Idiomas equipado con 10 computadoras; de igual forma, hizo entrega de 20 soportes de animaci\u00f3n, tres kits de iluminaci\u00f3n, equipamiento para el Taller de Escultura y un rellenador de agua en beneficio del estudiantado.<br><\/p>\n\n\n\n<figure class=\"wp-block-image size-large\"><img fetchpriority=\"high\" decoding=\"async\" width=\"1024\" height=\"503\" src=\"https:\/\/elinformante.mx\/wp-content\/uploads\/2023\/11\/FACULTAD-DE-ARTES-2-1024x503.jpg\" alt=\"\" class=\"wp-image-42074\" srcset=\"https:\/\/elinformante.mx\/wp-content\/uploads\/2023\/11\/FACULTAD-DE-ARTES-2-1024x503.jpg 1024w, https:\/\/elinformante.mx\/wp-content\/uploads\/2023\/11\/FACULTAD-DE-ARTES-2-300x147.jpg 300w, https:\/\/elinformante.mx\/wp-content\/uploads\/2023\/11\/FACULTAD-DE-ARTES-2-768x377.jpg 768w, https:\/\/elinformante.mx\/wp-content\/uploads\/2023\/11\/FACULTAD-DE-ARTES-2-580x285.jpg 580w, https:\/\/elinformante.mx\/wp-content\/uploads\/2023\/11\/FACULTAD-DE-ARTES-2-860x422.jpg 860w, https:\/\/elinformante.mx\/wp-content\/uploads\/2023\/11\/FACULTAD-DE-ARTES-2.jpg 1140w\" sizes=\"(max-width: 1024px) 100vw, 1024px\" \/><\/figure>\n\n\n\n<p>Por su parte, la directora Ana Lilia Cruz Pais, destac\u00f3 que a fin de mantener acciones congruentes que contribuyan con el fortalecimiento acad\u00e9mico, el personal administrativo y docente actualiza sus conocimientos a trav\u00e9s de cursos y seminarios ofertados por la Aut\u00f3noma mexiquense.<br><\/p>\n\n\n\n<p>Adem\u00e1s, durante el periodo que se informa, se adquirieron herramientas para los talleres de producci\u00f3n, se actualiz\u00f3 el equipamiento de las aulas con pantallas inteligentes, computadoras y proyectores.<br><\/p>\n\n\n\n<p>La servidora universitaria destac\u00f3 la participaci\u00f3n de la Facultad de Artes en la Red de Colaboraciones Art\u00edsticas Internacionales (INTAC), donde el alumnado de estudios profesionales viaj\u00f3 a Berl\u00edn para participar en la exposici\u00f3n que organiza anualmente.<br><\/p>\n\n\n\n<p>Durante el periodo que se informa y con el prop\u00f3sito de contribuir a la equidad de g\u00e9nero, en conmemoraci\u00f3n del D\u00eda Internacional de la Mujer, se realizaron muestras art\u00edsticas, presentaci\u00f3n de cortometrajes y difusi\u00f3n de diversas actividades.<\/p>\n","protected":false},"excerpt":{"rendered":"<p>El rector Carlos Eduardo Barrera D\u00edaz expuso que la actual administraci\u00f3n de este espacio acad\u00e9mico ha logrado disminuir el \u00edndice de deserci\u00f3n escolar un 3.4 por ciento y la matr\u00edcula de sus programas de licenciatura est\u00e1 cerca de duplicarse al pasar de 381 estudiantes en 2018 a 642 en 2023. Desde sus or\u00edgenes, la Facultad [&hellip;]<\/p>\n","protected":false},"author":1,"featured_media":42073,"comment_status":"closed","ping_status":"closed","sticky":false,"template":"","format":"standard","meta":{"footnotes":""},"categories":[30,36],"tags":[],"class_list":["post-42072","post","type-post","status-publish","format-standard","has-post-thumbnail","hentry","category-destacado","category-edomex"],"_links":{"self":[{"href":"https:\/\/elinformante.mx\/index.php?rest_route=\/wp\/v2\/posts\/42072","targetHints":{"allow":["GET"]}}],"collection":[{"href":"https:\/\/elinformante.mx\/index.php?rest_route=\/wp\/v2\/posts"}],"about":[{"href":"https:\/\/elinformante.mx\/index.php?rest_route=\/wp\/v2\/types\/post"}],"author":[{"embeddable":true,"href":"https:\/\/elinformante.mx\/index.php?rest_route=\/wp\/v2\/users\/1"}],"replies":[{"embeddable":true,"href":"https:\/\/elinformante.mx\/index.php?rest_route=%2Fwp%2Fv2%2Fcomments&post=42072"}],"version-history":[{"count":0,"href":"https:\/\/elinformante.mx\/index.php?rest_route=\/wp\/v2\/posts\/42072\/revisions"}],"wp:featuredmedia":[{"embeddable":true,"href":"https:\/\/elinformante.mx\/index.php?rest_route=\/wp\/v2\/media\/42073"}],"wp:attachment":[{"href":"https:\/\/elinformante.mx\/index.php?rest_route=%2Fwp%2Fv2%2Fmedia&parent=42072"}],"wp:term":[{"taxonomy":"category","embeddable":true,"href":"https:\/\/elinformante.mx\/index.php?rest_route=%2Fwp%2Fv2%2Fcategories&post=42072"},{"taxonomy":"post_tag","embeddable":true,"href":"https:\/\/elinformante.mx\/index.php?rest_route=%2Fwp%2Fv2%2Ftags&post=42072"}],"curies":[{"name":"wp","href":"https:\/\/api.w.org\/{rel}","templated":true}]}}