{"id":42076,"date":"2023-11-28T06:31:28","date_gmt":"2023-11-28T12:31:28","guid":{"rendered":"https:\/\/elinformante.mx\/?p=42076"},"modified":"2023-12-01T00:48:34","modified_gmt":"2023-12-01T06:48:34","slug":"gobierno-estatal-refrenda-el-compromiso-de-prevenir-atender-y-erradicar-la-violencia-de-genero","status":"publish","type":"post","link":"https:\/\/elinformante.mx\/?p=42076","title":{"rendered":"Gobierno estatal refrenda el compromiso de prevenir, atender y erradicar la violencia de g\u00e9nero"},"content":{"rendered":"\n<blockquote class=\"wp-block-quote is-layout-flow wp-block-quote-is-layout-flow\">\n<p>M\u00f3nica Ch\u00e1vez Dur\u00e1n, titular de la Secretar\u00eda de las Mujeres, preside la D\u00e9cima Segunda Sesi\u00f3n Ordinaria del Mecanismo de Seguimiento de las Medidas de Seguridad, Prevenci\u00f3n y Justicia para Atender y Erradicar la Violencia contra las Ni\u00f1as, Adolescentes y Mujeres.<\/p>\n<\/blockquote>\n\n\n\n<p>En el marco del D\u00eda Internacional de la Eliminaci\u00f3n de la Violencia Contra las Mujeres, que se conmemor\u00f3 el 25 de noviembre pasado, se llev\u00f3 a cabo la D\u00e9cima Segunda Sesi\u00f3n Ordinaria del Mecanismo de Seguimiento de las Medidas de Seguridad, Prevenci\u00f3n y Justicia para Atender y Erradicar la Violencia contra las Ni\u00f1as, Adolescentes y Mujeres.<br><\/p>\n\n\n\n<p>Al presidir la sesi\u00f3n, la titular de la Secretar\u00eda de las Mujeres (SeMujeres), M\u00f3nica Ch\u00e1vez Dur\u00e1n, resalt\u00f3 el compromiso de la Gobernadora Delfina G\u00f3mez \u00c1lvarez, de trabajar de manera coordinada con los tres \u00f3rdenes de gobierno en la implementaci\u00f3n de pol\u00edticas p\u00fablicas eficientes para prevenir, atender y sancionar la violencia en contra de las ni\u00f1as, adolescentes y mujeres.<br><\/p>\n\n\n\n<p>La funcionaria resalt\u00f3 que es responsabilidad de las dependencias estatales, organismos aut\u00f3nomos, desconcentrados y descentralizados, as\u00ed como de los municipios alertados, trabajar en acciones puntuales para erradicar este problema que lacera a las mexiquenses.<br><\/p>\n\n\n\n<figure class=\"wp-block-image size-large\"><img fetchpriority=\"high\" decoding=\"async\" width=\"1024\" height=\"503\" src=\"https:\/\/elinformante.mx\/wp-content\/uploads\/2023\/11\/GOBIERNO-ESTATAL-2-1024x503.jpg\" alt=\"\" class=\"wp-image-42078\" srcset=\"https:\/\/elinformante.mx\/wp-content\/uploads\/2023\/11\/GOBIERNO-ESTATAL-2-1024x503.jpg 1024w, https:\/\/elinformante.mx\/wp-content\/uploads\/2023\/11\/GOBIERNO-ESTATAL-2-300x147.jpg 300w, https:\/\/elinformante.mx\/wp-content\/uploads\/2023\/11\/GOBIERNO-ESTATAL-2-768x377.jpg 768w, https:\/\/elinformante.mx\/wp-content\/uploads\/2023\/11\/GOBIERNO-ESTATAL-2-580x285.jpg 580w, https:\/\/elinformante.mx\/wp-content\/uploads\/2023\/11\/GOBIERNO-ESTATAL-2-860x422.jpg 860w, https:\/\/elinformante.mx\/wp-content\/uploads\/2023\/11\/GOBIERNO-ESTATAL-2.jpg 1140w\" sizes=\"(max-width: 1024px) 100vw, 1024px\" \/><\/figure>\n\n\n\n<p>En esta sesi\u00f3n, a cargo de la Direcci\u00f3n General de Prevenci\u00f3n y Atenci\u00f3n a la Violencia, se present\u00f3 el Primer Informe de los Programas Estrat\u00e9gicos Estatales para la Atenci\u00f3n de las Alertas de Violencia de G\u00e9nero contra las Mujeres por Feminicidio y Desaparici\u00f3n 2023, el cual tiene como objetivo establecer acciones destinadas a mitigar la violencia contra las mujeres, cumpliendo con las medidas de prevenci\u00f3n, seguridad y justicia.<br><\/p>\n\n\n\n<p>Tambi\u00e9n se dio a conocer un informe sobre la Incidencia Delictiva Contra las Mujeres en el Estado de M\u00e9xico; y se acord\u00f3 que el Secretariado Ejecutivo del Sistema Estatal de Seguridad P\u00fablica deber\u00e1 remitir dentro de los primeros cinco d\u00edas h\u00e1biles de cada mes, a la Secretar\u00eda T\u00e9cnica de este Mecanismo, la estad\u00edstica de la incidencia delictiva contra las mujeres en los 11 municipios con Alerta de G\u00e9nero, para que sea enviada tambi\u00e9n a las localidades alertadas.<br><\/p>\n\n\n\n<p>Se aprob\u00f3 la implementaci\u00f3n de mesas de trabajo municipales de la Ruta para la Coordinaci\u00f3n de Acciones Territoriales en Atenci\u00f3n a las Alertas de Violencia de G\u00e9nero contra las Mujeres por Feminicidio y Desaparici\u00f3n de Ni\u00f1as, Adolescentes y Mujeres para el Estado de M\u00e9xico, y se propuso la realizaci\u00f3n de mesas de trabajo para el seguimiento de este acuerdo, las cuales se llevar\u00e1n a cabo de manera bimestral.<br><\/p>\n\n\n\n<p>En el evento estuvieron Jes\u00fas George Zamora, titular de la Consejer\u00eda Jur\u00eddica del Estado de M\u00e9xico; la Diputada Yesica Yanet Rojas Hern\u00e1ndez, Presidenta de la Comisi\u00f3n para las Declaratorias de la Alerta de Violencia de G\u00e9nero por Feminicidio y Desaparici\u00f3n de Ni\u00f1as, Adolescentes y Mujeres de la LXI Legislatura; Alejandro Viedma Vel\u00e1zquez, Subsecretario General de Gobierno; Sonia Guadalupe Contreras Medina, Directora General de Prevenci\u00f3n y Atenci\u00f3n a la Violencia y Secretaria T\u00e9cnica del Mecanismo; y Carolina Alan\u00eds Moreno, Comisionada Ejecutiva Estatal de Atenci\u00f3n a V\u00edctimas del Estado de M\u00e9xico; entre otros.<\/p>\n","protected":false},"excerpt":{"rendered":"<p>M\u00f3nica Ch\u00e1vez Dur\u00e1n, titular de la Secretar\u00eda de las Mujeres, preside la D\u00e9cima Segunda Sesi\u00f3n Ordinaria del Mecanismo de Seguimiento de las Medidas de Seguridad, Prevenci\u00f3n y Justicia para Atender y Erradicar la Violencia contra las Ni\u00f1as, Adolescentes y Mujeres. En el marco del D\u00eda Internacional de la Eliminaci\u00f3n de la Violencia Contra las Mujeres, [&hellip;]<\/p>\n","protected":false},"author":1,"featured_media":42077,"comment_status":"closed","ping_status":"closed","sticky":false,"template":"","format":"standard","meta":{"footnotes":""},"categories":[36],"tags":[],"class_list":["post-42076","post","type-post","status-publish","format-standard","has-post-thumbnail","hentry","category-edomex"],"_links":{"self":[{"href":"https:\/\/elinformante.mx\/index.php?rest_route=\/wp\/v2\/posts\/42076","targetHints":{"allow":["GET"]}}],"collection":[{"href":"https:\/\/elinformante.mx\/index.php?rest_route=\/wp\/v2\/posts"}],"about":[{"href":"https:\/\/elinformante.mx\/index.php?rest_route=\/wp\/v2\/types\/post"}],"author":[{"embeddable":true,"href":"https:\/\/elinformante.mx\/index.php?rest_route=\/wp\/v2\/users\/1"}],"replies":[{"embeddable":true,"href":"https:\/\/elinformante.mx\/index.php?rest_route=%2Fwp%2Fv2%2Fcomments&post=42076"}],"version-history":[{"count":0,"href":"https:\/\/elinformante.mx\/index.php?rest_route=\/wp\/v2\/posts\/42076\/revisions"}],"wp:featuredmedia":[{"embeddable":true,"href":"https:\/\/elinformante.mx\/index.php?rest_route=\/wp\/v2\/media\/42077"}],"wp:attachment":[{"href":"https:\/\/elinformante.mx\/index.php?rest_route=%2Fwp%2Fv2%2Fmedia&parent=42076"}],"wp:term":[{"taxonomy":"category","embeddable":true,"href":"https:\/\/elinformante.mx\/index.php?rest_route=%2Fwp%2Fv2%2Fcategories&post=42076"},{"taxonomy":"post_tag","embeddable":true,"href":"https:\/\/elinformante.mx\/index.php?rest_route=%2Fwp%2Fv2%2Ftags&post=42076"}],"curies":[{"name":"wp","href":"https:\/\/api.w.org\/{rel}","templated":true}]}}