{"id":42081,"date":"2023-11-28T06:34:57","date_gmt":"2023-11-28T12:34:57","guid":{"rendered":"https:\/\/elinformante.mx\/?p=42081"},"modified":"2023-12-01T00:48:34","modified_gmt":"2023-12-01T06:48:34","slug":"arrancan-foros-de-consulta-popular-para-construir-el-plan-de-desarrollo-del-estado-de-mexico-2023-2029","status":"publish","type":"post","link":"https:\/\/elinformante.mx\/?p=42081","title":{"rendered":"Arrancan Foros de Consulta Popular para construir el Plan de Desarrollo del Estado de M\u00e9xico 2023-2029"},"content":{"rendered":"\n<blockquote class=\"wp-block-quote is-layout-flow wp-block-quote-is-layout-flow\">\n<p>El primer Foro se realizar\u00e1 el 29 de noviembre pr\u00f3ximo en Toluca, con el Eje Cero Corrupci\u00f3n y Gobierno del Pueblo y para el Pueblo.<\/p>\n<\/blockquote>\n\n\n\n<p>El Gobierno de la Maestra Delfina G\u00f3mez \u00c1lvarez dar\u00e1 inicio a los Foros de Consulta Popular para la elaboraci\u00f3n del Plan de Desarrollo del Estado de M\u00e9xico 2023-2029, el cual busca incorporar las propuestas de las y los mexiquenses en la construcci\u00f3n de la transformaci\u00f3n de la entidad.<br><\/p>\n\n\n\n<p>El Primer Foro se realizar\u00e1 el 29 de noviembre, en el Centro de Convenciones y Exposiciones Edom\u00e9x, en la ciudad de Toluca, con el Eje Cero Corrupci\u00f3n y Gobierno del Pueblo y para el Pueblo, que ser\u00e1 coordinado por la Secretar\u00eda de la Contralor\u00eda.<br><\/p>\n\n\n\n<p>A trav\u00e9s de las mesas de trabajo se desarrollar\u00e1n temas como Acercar el gobierno a la gente: \u201cGobierno del Pueblo y para el Pueblo\u201d; Combate a la corrupci\u00f3n; Transparencia y cuentas claras; Participaci\u00f3n Social y Vigilancia Ciudadana; Coordinaci\u00f3n Interinstitucional.<br><\/p>\n\n\n\n<p>En este sentido se hace una invitaci\u00f3n a la ciudadan\u00eda a participar en estos Foros que se realizar\u00e1n en las diferentes regiones de la entidad, donde se recibir\u00e1n sus propuestas y peticiones para que juntos, sociedad y gobierno construyan una mejor calidad de vida de la poblaci\u00f3n, principalmente de los m\u00e1s necesitados.<br><\/p>\n\n\n\n<p>Los Foros, que se dividen en cuatro Ejes principales y tres transversales, se llevar\u00e1n a cabo en las fechas siguientes:<br><\/p>\n\n\n\n<p>\u00b7 Eje Cero Corrupci\u00f3n y Gobierno del Pueblo y para el Pueblo, 29 de noviembre en Toluca.<br><\/p>\n\n\n\n<p>\u00b7 Eje transversal Igualdad de G\u00e9nero, 30 de noviembre en Chimalhuac\u00e1n.<br><\/p>\n\n\n\n<figure class=\"wp-block-image size-large\"><img fetchpriority=\"high\" decoding=\"async\" width=\"1024\" height=\"503\" src=\"https:\/\/elinformante.mx\/wp-content\/uploads\/2023\/11\/ARRANCAN-FOROS-2-1024x503.jpg\" alt=\"\" class=\"wp-image-42083\" srcset=\"https:\/\/elinformante.mx\/wp-content\/uploads\/2023\/11\/ARRANCAN-FOROS-2-1024x503.jpg 1024w, https:\/\/elinformante.mx\/wp-content\/uploads\/2023\/11\/ARRANCAN-FOROS-2-300x147.jpg 300w, https:\/\/elinformante.mx\/wp-content\/uploads\/2023\/11\/ARRANCAN-FOROS-2-768x377.jpg 768w, https:\/\/elinformante.mx\/wp-content\/uploads\/2023\/11\/ARRANCAN-FOROS-2-580x285.jpg 580w, https:\/\/elinformante.mx\/wp-content\/uploads\/2023\/11\/ARRANCAN-FOROS-2-860x422.jpg 860w, https:\/\/elinformante.mx\/wp-content\/uploads\/2023\/11\/ARRANCAN-FOROS-2.jpg 1140w\" sizes=\"(max-width: 1024px) 100vw, 1024px\" \/><\/figure>\n\n\n\n<p>\u00b7 Eje Empleo Digno y Desarrollo Econ\u00f3mico, 4 de diciembre en Cuautitl\u00e1n Izcalli.<br><\/p>\n\n\n\n<p>\u00b7 Eje transversal Cumplimiento a los Objetivos de Desarrollo Sostenible, 6 de diciembre en San Felipe del Progreso.<br><\/p>\n\n\n\n<p>\u00b7 Eje Transversal Construcci\u00f3n de la Paz y Seguridad, 8 de diciembre en Naucalpan.<br><\/p>\n\n\n\n<p>\u00b7 Eje Bienestar Ambiental y Acceso Universal al Agua, 11 de diciembre en Valle de Bravo.<br><\/p>\n\n\n\n<p>\u00b7 Eje Bienestar Social, 13 de diciembre en Texcoco.<br><\/p>\n\n\n\n<p>\u00b7 Eje Empleo Digno y Desarrollo Econ\u00f3mico Rescate del Campo, 15 de diciembre en Tejupilco.<br><\/p>\n\n\n\n<p>Los interesados que no puedan acudir a estas sedes podr\u00e1n enviar sus propuestas a trav\u00e9s de la plataforma: http:\/\/forosdeconsultapdem2023-2029.edomex.gob.mx\/ hasta el 15 de diciembre de este a\u00f1o.<br><\/p>\n\n\n\n<p>El Plan de Desarrollo del Estado de M\u00e9xico es el documento donde se fijan los objetivos para enfrentar y superar los problemas y demandas sociales, pol\u00edticas y econ\u00f3micas de la entidad.<\/p>\n","protected":false},"excerpt":{"rendered":"<p>El primer Foro se realizar\u00e1 el 29 de noviembre pr\u00f3ximo en Toluca, con el Eje Cero Corrupci\u00f3n y Gobierno del Pueblo y para el Pueblo. El Gobierno de la Maestra Delfina G\u00f3mez \u00c1lvarez dar\u00e1 inicio a los Foros de Consulta Popular para la elaboraci\u00f3n del Plan de Desarrollo del Estado de M\u00e9xico 2023-2029, el cual [&hellip;]<\/p>\n","protected":false},"author":1,"featured_media":42082,"comment_status":"closed","ping_status":"closed","sticky":false,"template":"","format":"standard","meta":{"footnotes":""},"categories":[30,36],"tags":[],"class_list":["post-42081","post","type-post","status-publish","format-standard","has-post-thumbnail","hentry","category-destacado","category-edomex"],"_links":{"self":[{"href":"https:\/\/elinformante.mx\/index.php?rest_route=\/wp\/v2\/posts\/42081","targetHints":{"allow":["GET"]}}],"collection":[{"href":"https:\/\/elinformante.mx\/index.php?rest_route=\/wp\/v2\/posts"}],"about":[{"href":"https:\/\/elinformante.mx\/index.php?rest_route=\/wp\/v2\/types\/post"}],"author":[{"embeddable":true,"href":"https:\/\/elinformante.mx\/index.php?rest_route=\/wp\/v2\/users\/1"}],"replies":[{"embeddable":true,"href":"https:\/\/elinformante.mx\/index.php?rest_route=%2Fwp%2Fv2%2Fcomments&post=42081"}],"version-history":[{"count":0,"href":"https:\/\/elinformante.mx\/index.php?rest_route=\/wp\/v2\/posts\/42081\/revisions"}],"wp:featuredmedia":[{"embeddable":true,"href":"https:\/\/elinformante.mx\/index.php?rest_route=\/wp\/v2\/media\/42082"}],"wp:attachment":[{"href":"https:\/\/elinformante.mx\/index.php?rest_route=%2Fwp%2Fv2%2Fmedia&parent=42081"}],"wp:term":[{"taxonomy":"category","embeddable":true,"href":"https:\/\/elinformante.mx\/index.php?rest_route=%2Fwp%2Fv2%2Fcategories&post=42081"},{"taxonomy":"post_tag","embeddable":true,"href":"https:\/\/elinformante.mx\/index.php?rest_route=%2Fwp%2Fv2%2Ftags&post=42081"}],"curies":[{"name":"wp","href":"https:\/\/api.w.org\/{rel}","templated":true}]}}