{"id":42095,"date":"2023-11-28T06:43:34","date_gmt":"2023-11-28T12:43:34","guid":{"rendered":"https:\/\/elinformante.mx\/?p=42095"},"modified":"2023-12-01T00:48:33","modified_gmt":"2023-12-01T06:48:33","slug":"inauguran-cetram-san-lazaro-beneficiara-a-mas-de-240-mil-usuarios","status":"publish","type":"post","link":"https:\/\/elinformante.mx\/?p=42095","title":{"rendered":"Inauguran CETRAM San L\u00e1zaro; beneficiar\u00e1 a m\u00e1s de 240 mil usuarios"},"content":{"rendered":"\n<blockquote class=\"wp-block-quote is-layout-flow wp-block-quote-is-layout-flow\">\n<p>Originalmente en este CETRAM se pensaba construir una plaza comercial de seis pisos, en un \u00e1rea de m\u00e1s de 157 mil metros cuadrados.<\/p>\n<\/blockquote>\n\n\n\n<p>El jefe de Gobierno, Mart\u00ed Batres, inaugur\u00f3 este lunes el Centro de Transferencia Modal (CETRAM) San L\u00e1zaro, por el que cada d\u00eda transitan m\u00e1s de 240 mil personas, quienes hacen uso de las l\u00edneas 1 y B del Metro, las 4 y 5 del Metrob\u00fas y la Terminal de Autobuses de Pasajeros del Oriente (TAPO).<br><\/p>\n\n\n\n<p>El mandatario destac\u00f3 que para esta obra se realiz\u00f3 una inversi\u00f3n de 550 millones de pesos, que permitir\u00e1n mejorar los traslados para la poblaci\u00f3n del oriente de la Ciudad.<br><\/p>\n\n\n\n<p>En su mensaje, destac\u00f3 que se ha hecho una \u201cinversi\u00f3n como nunca\u201d en materia de movilidad y se\u00f1al\u00f3 que se ha dado continuidad a los proyectos que inici\u00f3 la exjefa de Gobierno, Claudia Sheinbaum, adem\u00e1s de sumar otras. \u201cVamos a seguir haciendo obras en materia de transporte y de movilidad\u201d.<br><\/p>\n\n\n\n<p>El CETRAM se divide en dos zonas: el cuerpo norte, que cuenta con tres andenes de ascenso y descenso y conexi\u00f3n directa con la l\u00ednea B del Metro; y el cuerpo sur, que tiene conexi\u00f3n peatonal con la L\u00ednea 1 del Metro, la calzada Ignacio Zaragoza y la plaza sociocultural.<br><\/p>\n\n\n\n<figure class=\"wp-block-image size-large\"><img fetchpriority=\"high\" decoding=\"async\" width=\"1024\" height=\"503\" src=\"https:\/\/elinformante.mx\/wp-content\/uploads\/2023\/11\/INAUGURAN-CETRAM-2-1024x503.jpg\" alt=\"\" class=\"wp-image-42097\" srcset=\"https:\/\/elinformante.mx\/wp-content\/uploads\/2023\/11\/INAUGURAN-CETRAM-2-1024x503.jpg 1024w, https:\/\/elinformante.mx\/wp-content\/uploads\/2023\/11\/INAUGURAN-CETRAM-2-300x147.jpg 300w, https:\/\/elinformante.mx\/wp-content\/uploads\/2023\/11\/INAUGURAN-CETRAM-2-768x377.jpg 768w, https:\/\/elinformante.mx\/wp-content\/uploads\/2023\/11\/INAUGURAN-CETRAM-2-580x285.jpg 580w, https:\/\/elinformante.mx\/wp-content\/uploads\/2023\/11\/INAUGURAN-CETRAM-2-860x422.jpg 860w, https:\/\/elinformante.mx\/wp-content\/uploads\/2023\/11\/INAUGURAN-CETRAM-2.jpg 1140w\" sizes=\"(max-width: 1024px) 100vw, 1024px\" \/><\/figure>\n\n\n\n<p>Andr\u00e9s Lajous Loaeza, secretario de Movilidad, asegur\u00f3 este es el trabajo \u201cm\u00e1s importante\u201d que se ha realizado en este CETRAM, el cual beneficia a los m\u00e1s de 180 mil usuarios que usan las l\u00edneas 1 y B del STC Metro y a m\u00e1s de 63 mil personas que hacen uso de la TAPO.<br><\/p>\n\n\n\n<p>Se\u00f1al\u00f3 que originalmente en este CETRAM se pensaba construir una plaza comercial de seis pisos, en un \u00e1rea de m\u00e1s de 157 mil metros cuadrados.<br><\/p>\n\n\n\n<p>No obstante, se determin\u00f3 hacer el centro de transferencia en un espacio de 13 mil metros cuadrados, de los cuales 10 mil son de operaci\u00f3n con 22 rutas y 47 destinos.<br><\/p>\n\n\n\n<p>Destac\u00f3 que tambi\u00e9n se hizo un reacomodo del comercio informal, lo que permiti\u00f3 que 60 negocios ahora tengan un espacio al interior de la estaci\u00f3n San L\u00e1zaro del Metro.<br><\/p>\n\n\n\n<p>Por su parte, Luis Emmanuel Valdivia Figueroa, gerente de Mobility ADO, se\u00f1al\u00f3 que para mejorar la movilidad de los usuarios que hacen uso de este CETRAM, se construy\u00f3 Puerta Oriente, un espacio de m\u00e1s de 7 mil metros cuadrados que permitir\u00e1 interconectar los distintos medios de transporte que confluyen en la zona.<\/p>\n","protected":false},"excerpt":{"rendered":"<p>Originalmente en este CETRAM se pensaba construir una plaza comercial de seis pisos, en un \u00e1rea de m\u00e1s de 157 mil metros cuadrados. El jefe de Gobierno, Mart\u00ed Batres, inaugur\u00f3 este lunes el Centro de Transferencia Modal (CETRAM) San L\u00e1zaro, por el que cada d\u00eda transitan m\u00e1s de 240 mil personas, quienes hacen uso de [&hellip;]<\/p>\n","protected":false},"author":1,"featured_media":42096,"comment_status":"closed","ping_status":"closed","sticky":false,"template":"","format":"standard","meta":{"footnotes":""},"categories":[35,30],"tags":[],"class_list":["post-42095","post","type-post","status-publish","format-standard","has-post-thumbnail","hentry","category-cdmx","category-destacado"],"_links":{"self":[{"href":"https:\/\/elinformante.mx\/index.php?rest_route=\/wp\/v2\/posts\/42095","targetHints":{"allow":["GET"]}}],"collection":[{"href":"https:\/\/elinformante.mx\/index.php?rest_route=\/wp\/v2\/posts"}],"about":[{"href":"https:\/\/elinformante.mx\/index.php?rest_route=\/wp\/v2\/types\/post"}],"author":[{"embeddable":true,"href":"https:\/\/elinformante.mx\/index.php?rest_route=\/wp\/v2\/users\/1"}],"replies":[{"embeddable":true,"href":"https:\/\/elinformante.mx\/index.php?rest_route=%2Fwp%2Fv2%2Fcomments&post=42095"}],"version-history":[{"count":0,"href":"https:\/\/elinformante.mx\/index.php?rest_route=\/wp\/v2\/posts\/42095\/revisions"}],"wp:featuredmedia":[{"embeddable":true,"href":"https:\/\/elinformante.mx\/index.php?rest_route=\/wp\/v2\/media\/42096"}],"wp:attachment":[{"href":"https:\/\/elinformante.mx\/index.php?rest_route=%2Fwp%2Fv2%2Fmedia&parent=42095"}],"wp:term":[{"taxonomy":"category","embeddable":true,"href":"https:\/\/elinformante.mx\/index.php?rest_route=%2Fwp%2Fv2%2Fcategories&post=42095"},{"taxonomy":"post_tag","embeddable":true,"href":"https:\/\/elinformante.mx\/index.php?rest_route=%2Fwp%2Fv2%2Ftags&post=42095"}],"curies":[{"name":"wp","href":"https:\/\/api.w.org\/{rel}","templated":true}]}}