{"id":42106,"date":"2023-11-28T06:51:04","date_gmt":"2023-11-28T12:51:04","guid":{"rendered":"https:\/\/elinformante.mx\/?p=42106"},"modified":"2023-12-01T00:48:32","modified_gmt":"2023-12-01T06:48:32","slug":"taxis-piratas-deben-regularizarse-porque-no-habra-excepciones-gobernador-de-puebla","status":"publish","type":"post","link":"https:\/\/elinformante.mx\/?p=42106","title":{"rendered":"Taxis \u201cpiratas\u201d deben regularizarse porque no habr\u00e1 excepciones: gobernador de Puebla"},"content":{"rendered":"\n<blockquote class=\"wp-block-quote is-layout-flow wp-block-quote-is-layout-flow\">\n<p>La iniciativa de legalizar el servicio que se ofrece principalmente en Perif\u00e9rico Ecol\u00f3gico o la autopista Puebla-Atlixco, es leg\u00edtima.<\/p>\n<\/blockquote>\n\n\n\n<p>El gobernador de Puebla, Sergio Salom\u00f3n C\u00e9spedes Peregrina, advirti\u00f3 que no habr\u00e1 excepciones a la ley ni beneficios adicionales a la misma para los operadores de taxis pirata que deseen regularizarse mediante el uso de aplicaciones m\u00f3viles, pues enfatiz\u00f3 que s\u00f3lo quien \u201ccumpla con la ley tiene derecho a trabajar\u201d.<br><\/p>\n\n\n\n<p>En rueda de prensa el mandatario estatal fue cuestionado acerca de la medida anunciada en octubre pasado por el secretario de Movilidad y Transporte (SMT), Omar \u00c1lvarez Arronte, a trav\u00e9s de la cual se pretende regularizar a los cerca de 2 mil operadores de taxis pirata que hay en la entidad poblana.<br><\/p>\n\n\n\n<p>C\u00e9spedes Peregrina reconoci\u00f3 que la iniciativa de legalizar este servicio, mismo que se ofrece principalmente en vialidades como el Perif\u00e9rico Ecol\u00f3gico o la autopista Puebla-Atlixco, es leg\u00edtima.<br><\/p>\n\n\n\n<p>A\u00f1adi\u00f3 que es la SMT la dependencia responsable de establecer los lineamientos para que los operadores de estas unidades puedan regularizarse y que as\u00ed haya certeza jur\u00eddica para los taxistas, pero tambi\u00e9n para los usuarios.<br><\/p>\n\n\n\n<p>Sin embargo, el gobernador hizo hincapi\u00e9 en que los m\u00e1s de 2 mil prestadores de este servicio que se brinda de forma irregular no gozar\u00e1n de beneficios ajenos a la ley, pues remarc\u00f3 que su regularizaci\u00f3n se har\u00e1 bajo la normatividad mercantil y de transporte vigente en Puebla.<br><\/p>\n\n\n\n<p>En octubre pasado \u00c1lvarez Arronte dio a conocer que mil 700 taxis pirata ser\u00edan legalizados, esto a trav\u00e9s de su inscripci\u00f3n a diversas plataformas de transporte ejecutivo mediante esta acci\u00f3n pretende imponer lineamientos b\u00e1sicos para los operadores de dichas unidades, como son contar con seguros de viaje, tanto para usuarios como ch\u00f3feres, as\u00ed como contratar formalmente a los conductores, entre otras disposiciones.<br><\/p>\n\n\n\n<p>Seg\u00fan revel\u00f3 entonces el secretario de Movilidad y Transporte, las organizaciones que acaparan estos servicios irregulares en la entidad poblana son Antorcha Campesina y la Uni\u00f3n Popular de Vendedores Ambulantes (UPVA) 28 de Octubre.<\/p>\n","protected":false},"excerpt":{"rendered":"<p>La iniciativa de legalizar el servicio que se ofrece principalmente en Perif\u00e9rico Ecol\u00f3gico o la autopista Puebla-Atlixco, es leg\u00edtima. El gobernador de Puebla, Sergio Salom\u00f3n C\u00e9spedes Peregrina, advirti\u00f3 que no habr\u00e1 excepciones a la ley ni beneficios adicionales a la misma para los operadores de taxis pirata que deseen regularizarse mediante el uso de aplicaciones [&hellip;]<\/p>\n","protected":false},"author":1,"featured_media":42107,"comment_status":"closed","ping_status":"closed","sticky":false,"template":"","format":"standard","meta":{"footnotes":""},"categories":[30,34],"tags":[],"class_list":["post-42106","post","type-post","status-publish","format-standard","has-post-thumbnail","hentry","category-destacado","category-nacional"],"_links":{"self":[{"href":"https:\/\/elinformante.mx\/index.php?rest_route=\/wp\/v2\/posts\/42106","targetHints":{"allow":["GET"]}}],"collection":[{"href":"https:\/\/elinformante.mx\/index.php?rest_route=\/wp\/v2\/posts"}],"about":[{"href":"https:\/\/elinformante.mx\/index.php?rest_route=\/wp\/v2\/types\/post"}],"author":[{"embeddable":true,"href":"https:\/\/elinformante.mx\/index.php?rest_route=\/wp\/v2\/users\/1"}],"replies":[{"embeddable":true,"href":"https:\/\/elinformante.mx\/index.php?rest_route=%2Fwp%2Fv2%2Fcomments&post=42106"}],"version-history":[{"count":0,"href":"https:\/\/elinformante.mx\/index.php?rest_route=\/wp\/v2\/posts\/42106\/revisions"}],"wp:featuredmedia":[{"embeddable":true,"href":"https:\/\/elinformante.mx\/index.php?rest_route=\/wp\/v2\/media\/42107"}],"wp:attachment":[{"href":"https:\/\/elinformante.mx\/index.php?rest_route=%2Fwp%2Fv2%2Fmedia&parent=42106"}],"wp:term":[{"taxonomy":"category","embeddable":true,"href":"https:\/\/elinformante.mx\/index.php?rest_route=%2Fwp%2Fv2%2Fcategories&post=42106"},{"taxonomy":"post_tag","embeddable":true,"href":"https:\/\/elinformante.mx\/index.php?rest_route=%2Fwp%2Fv2%2Ftags&post=42106"}],"curies":[{"name":"wp","href":"https:\/\/api.w.org\/{rel}","templated":true}]}}