{"id":42109,"date":"2023-11-28T06:52:22","date_gmt":"2023-11-28T12:52:22","guid":{"rendered":"https:\/\/elinformante.mx\/?p=42109"},"modified":"2023-12-01T00:48:31","modified_gmt":"2023-12-01T06:48:31","slug":"20-de-mexicanos-mueren-por-falta-de-medicinas-o-atencion-medica","status":"publish","type":"post","link":"https:\/\/elinformante.mx\/?p=42109","title":{"rendered":"20% de mexicanos mueren por falta de medicinas o atenci\u00f3n m\u00e9dica"},"content":{"rendered":"\n<blockquote class=\"wp-block-quote is-layout-flow wp-block-quote-is-layout-flow\">\n<p>La crisis por el desabasto de medicamentos en el sector salud se agudiz\u00f3 en 2019.<\/p>\n<\/blockquote>\n\n\n\n<p>El desabasto de medicamentos en M\u00e9xico deriv\u00f3 en que, al menos, 20% de las personas que murieron en el pa\u00eds en 2022 fue porque no recibieron atenci\u00f3n m\u00e9dica o no encontraron los f\u00e1rmacos necesarios, estimaron este lunes investigadores con base en un an\u00e1lisis de estad\u00edsticas oficiales.<br><\/p>\n\n\n\n<p>\u201cLamentablemente en M\u00e9xico, de las personas que mueren se estima que casi 14% no tuvo ninguna atenci\u00f3n m\u00e9dica, mientras que casi 6% no tuvieron acceso a medicamentos, lo que resulta en una situaci\u00f3n alarmante\u201d, se\u00f1al\u00f3 una en conferencia de prensa Manuel Mirassou, especialista en s\u00edndrome metab\u00f3lico y miembro fundador de la Asociaci\u00f3n Mexicana de Metabolismo \u00d3seo Mineral (Ammom).<br><\/p>\n\n\n\n<p>El experto record\u00f3 que, de acuerdo con el m\u00e1s reciente informe del Instituto Nacional de Estad\u00edstica y Geograf\u00eda (Inegi), en 2022 se registraron m\u00e1s de 847,000 muertes y las cinco principales causas a nivel nacional fueron enfermedades del coraz\u00f3n, diabetes, tumores malignos, enfermedades del h\u00edgado y Covid-19.<br><\/p>\n\n\n\n<p>Estas cifras, apunt\u00f3, se han dado en medio de una crisis por el desabastecimiento de medicamentos en el sector salud, que se agudiz\u00f3 en 2019 por los recortes presupuestarios y los cambios en la compra de las medicinas del Gobierno de Andr\u00e9s Manuel L\u00f3pez Obrador, quien asumi\u00f3 la presidencia el 1 de diciembre de 2018.<br><\/p>\n\n\n\n<p>Adem\u00e1s, en 2020 la situaci\u00f3n se complic\u00f3 por el impacto de la pandemia de la Covid-19, lo que desat\u00f3 protestas y una crisis pol\u00edtica para el Gobierno.<br><\/p>\n\n\n\n<p>Fabi\u00e1n Cortera, l\u00edder de transformaci\u00f3n digital en M8 Pharmaceuticals, se\u00f1al\u00f3 que, de acuerdo con registros de la empresa, han detectado que los medicamentos con mayor problema de abasto son los tratamientos para enfermedades cardiovasculares y el sistema nervioso central.<br><\/p>\n\n\n\n<p>Ante esta situaci\u00f3n, el laboratorio present\u00f3 su plataforma M8 Club Salud, que busca paliar el desabasto de este tipo de medicamentos y dar informaci\u00f3n a los pacientes para fomentar el apego al tratamiento.<br><\/p>\n\n\n\n<p>\u201cEs una plataforma digital para mejorar la experiencia en salud. Se puede acceder a ella desde cualquier dispositivo y permite identificar la disponibilidad de medicamentos que traten problemas del sistema nervioso central, cardiometabolismo, respiratorios, de gastroenterolog\u00eda y oncolog\u00eda\u201d, explic\u00f3.<br><\/p>\n\n\n\n<p>Al contar con un universo de 450 millones de tel\u00e9fonos inteligentes en M\u00e9xico, esta plataforma digital busca ser una opci\u00f3n para adquirir medicamentos especializados.<br><\/p>\n\n\n\n<p>Jos\u00e9 Antonio Maga\u00f1a, m\u00e9dico cardi\u00f3logo, expuso la importancia de la prevenci\u00f3n, especialmente durante el envejecimiento, donde se tiende a la aparici\u00f3n y agravamiento de los problemas de salud por factores ambientales, de transici\u00f3n epidemiol\u00f3gica, demogr\u00e1ficos y socioecon\u00f3micos.<br><\/p>\n\n\n\n<p>\u201cPero tambi\u00e9n cada vez se presentan m\u00e1s casos, por ejemplo, de insuficiencia card\u00edaca en personas j\u00f3venes\u201d, alert\u00f3.<br><\/p>\n\n\n\n<p>Ante ello, urgi\u00f3 adoptar cambios en los h\u00e1bitos y estilos de vida como dejar de fumar, evitar el alcohol, ingerir menos grasas saturadas y sal, as\u00ed como controlar los niveles de colesterol y realizar actividad f\u00edsica.<\/p>\n","protected":false},"excerpt":{"rendered":"<p>La crisis por el desabasto de medicamentos en el sector salud se agudiz\u00f3 en 2019. El desabasto de medicamentos en M\u00e9xico deriv\u00f3 en que, al menos, 20% de las personas que murieron en el pa\u00eds en 2022 fue porque no recibieron atenci\u00f3n m\u00e9dica o no encontraron los f\u00e1rmacos necesarios, estimaron este lunes investigadores con base [&hellip;]<\/p>\n","protected":false},"author":1,"featured_media":42110,"comment_status":"closed","ping_status":"closed","sticky":false,"template":"","format":"standard","meta":{"footnotes":""},"categories":[34],"tags":[],"class_list":["post-42109","post","type-post","status-publish","format-standard","has-post-thumbnail","hentry","category-nacional"],"_links":{"self":[{"href":"https:\/\/elinformante.mx\/index.php?rest_route=\/wp\/v2\/posts\/42109","targetHints":{"allow":["GET"]}}],"collection":[{"href":"https:\/\/elinformante.mx\/index.php?rest_route=\/wp\/v2\/posts"}],"about":[{"href":"https:\/\/elinformante.mx\/index.php?rest_route=\/wp\/v2\/types\/post"}],"author":[{"embeddable":true,"href":"https:\/\/elinformante.mx\/index.php?rest_route=\/wp\/v2\/users\/1"}],"replies":[{"embeddable":true,"href":"https:\/\/elinformante.mx\/index.php?rest_route=%2Fwp%2Fv2%2Fcomments&post=42109"}],"version-history":[{"count":0,"href":"https:\/\/elinformante.mx\/index.php?rest_route=\/wp\/v2\/posts\/42109\/revisions"}],"wp:featuredmedia":[{"embeddable":true,"href":"https:\/\/elinformante.mx\/index.php?rest_route=\/wp\/v2\/media\/42110"}],"wp:attachment":[{"href":"https:\/\/elinformante.mx\/index.php?rest_route=%2Fwp%2Fv2%2Fmedia&parent=42109"}],"wp:term":[{"taxonomy":"category","embeddable":true,"href":"https:\/\/elinformante.mx\/index.php?rest_route=%2Fwp%2Fv2%2Fcategories&post=42109"},{"taxonomy":"post_tag","embeddable":true,"href":"https:\/\/elinformante.mx\/index.php?rest_route=%2Fwp%2Fv2%2Ftags&post=42109"}],"curies":[{"name":"wp","href":"https:\/\/api.w.org\/{rel}","templated":true}]}}