{"id":42112,"date":"2023-11-28T06:53:54","date_gmt":"2023-11-28T12:53:54","guid":{"rendered":"https:\/\/elinformante.mx\/?p=42112"},"modified":"2023-12-01T00:48:31","modified_gmt":"2023-12-01T06:48:31","slug":"andres-manuel-lopez-obrador-define-la-fil-de-guadalajara-como-un-conclave-de-derecha","status":"publish","type":"post","link":"https:\/\/elinformante.mx\/?p=42112","title":{"rendered":"Andr\u00e9s Manuel L\u00f3pez Obrador define la FIL de Guadalajara como un \u201cc\u00f3nclave de derecha\u201d"},"content":{"rendered":"\n<blockquote class=\"wp-block-quote is-layout-flow wp-block-quote-is-layout-flow\">\n<p>El presidente considera que la feria del libro tiene \u201cbuena fama\u201d, pero arremete contras escritores \u201cconservadores\u201d como Mario Vargas Llosa o Enrique Krause.<\/p>\n<\/blockquote>\n\n\n\n<p>El presidente de M\u00e9xico, Andr\u00e9s Manuel L\u00f3pez Obrador, ha definido este lunes la Feria Internacional del Libro (FIL) de Guadalajara como un \u201cc\u00f3nclave de derecha\u201d. El presidente ha afirmado que nunca ha asistido al evento por su \u201ctendencia conservadora\u201d. Para escenificarlo, durante su conferencia matutina ha usado varios nombres de escritores muy cr\u00edticos con la gesti\u00f3n del mandatario como Mario Vargas Llosa, Enrique Krause y Francisco Mart\u00edn Moreno.<br><\/p>\n\n\n\n<p>En su rueda de preguntas, el presidente ha sido conciso en su opini\u00f3n sobre uno de los eventos culturales m\u00e1s importantes del pa\u00eds. \u201cEs importante que se sepa que la FIL de Guadalajara siempre es una especie de c\u00f3nclave de derecha\u201d, ha declarado sobre la feria. El presidente ha afirmado que ha sido invitado en numerosas ocasiones a la FIL. \u201cNo estoy en contra, nada m\u00e1s que tiene una tendencia conservadora. Yo por eso no voy\u201d, ha expresado.<br><\/p>\n\n\n\n<p>La FIL es el evento literario m\u00e1s importante de habla hispana y lleva celebr\u00e1ndose desde 1987. El presidente ha lamentado que antes se invitara a escritores \u201cbuenos y progresistas\u201d como el Premio Nobel de Literatura Jos\u00e9 Saramago y cr\u00edtico algunos nombres que han acudido en los \u00faltimos a\u00f1os. \u201cHoy llegan Mario Vargas Llosa, Krause, Aguilar Cam\u00edn\u201d, expres\u00f3.<br><\/p>\n\n\n\n<figure class=\"wp-block-image size-large\"><img fetchpriority=\"high\" decoding=\"async\" width=\"1024\" height=\"503\" src=\"https:\/\/elinformante.mx\/wp-content\/uploads\/2023\/11\/ANDRES-MANUEL-1024x503.jpg\" alt=\"\" class=\"wp-image-42114\" srcset=\"https:\/\/elinformante.mx\/wp-content\/uploads\/2023\/11\/ANDRES-MANUEL-1024x503.jpg 1024w, https:\/\/elinformante.mx\/wp-content\/uploads\/2023\/11\/ANDRES-MANUEL-300x147.jpg 300w, https:\/\/elinformante.mx\/wp-content\/uploads\/2023\/11\/ANDRES-MANUEL-768x377.jpg 768w, https:\/\/elinformante.mx\/wp-content\/uploads\/2023\/11\/ANDRES-MANUEL-580x285.jpg 580w, https:\/\/elinformante.mx\/wp-content\/uploads\/2023\/11\/ANDRES-MANUEL-860x422.jpg 860w, https:\/\/elinformante.mx\/wp-content\/uploads\/2023\/11\/ANDRES-MANUEL.jpg 1140w\" sizes=\"(max-width: 1024px) 100vw, 1024px\" \/><\/figure>\n\n\n\n<p>La reportera que le hab\u00eda preguntado por la FIL a\u00f1adi\u00f3 el nombre de Francisco Mart\u00edn Moreno y el presidente ha respondido en tono ir\u00f3nico: \u201cNo, ese debe de abarrotar los salones\u201d.<br><\/p>\n\n\n\n<p>Para el mandatario la FIL tiene \u201cbuena fama\u201d, pero ha expresado que \u201cson muy buenos para la simulaci\u00f3n\u201d, sin referirse a nadie. L\u00f3pez Obrador ha criticado que \u201cse sigue destinando mucho dinero p\u00fablico\u201d a la FIL, que ha considerado que \u201cson gastos pagados en los mejores hoteles y buenos vi\u00e1ticos\u201d.<br><\/p>\n\n\n\n<p>El presidente tambi\u00e9n se ha acordado del difunto creador de la feria, Ra\u00fal Padilla, que falleci\u00f3 en abril de este a\u00f1o, para reprocharle que haya recibido en Espa\u00f1a la condecoraci\u00f3n de la Encomienda de la Orden de Isabel la Cat\u00f3lica en 2009. \u201cRa\u00fal Padilla, que en paz descanse, hasta le dieron un premio en Espa\u00f1a, la monarqu\u00eda\u201d, ha expresado.<br><\/p>\n\n\n\n<p>Los halagos de L\u00f3pez Obrador, adem\u00e1s de a Saramago, fueron tambi\u00e9n para Paco Ignacio Taibo II, director de la editorial del Fondo de Cultura Econ\u00f3mica, que financia parcialmente el Estado. \u201cTodos tienen derecho a ir. Por ejemplo, Paco, que es un gran escritor, siempre va\u201d, ha puesto de ejemplo para contrarrestar las cr\u00edticas a la feria.<\/p>\n","protected":false},"excerpt":{"rendered":"<p>El presidente considera que la feria del libro tiene \u201cbuena fama\u201d, pero arremete contras escritores \u201cconservadores\u201d como Mario Vargas Llosa o Enrique Krause. El presidente de M\u00e9xico, Andr\u00e9s Manuel L\u00f3pez Obrador, ha definido este lunes la Feria Internacional del Libro (FIL) de Guadalajara como un \u201cc\u00f3nclave de derecha\u201d. El presidente ha afirmado que nunca ha [&hellip;]<\/p>\n","protected":false},"author":1,"featured_media":42113,"comment_status":"closed","ping_status":"closed","sticky":false,"template":"","format":"standard","meta":{"footnotes":""},"categories":[30,34],"tags":[],"class_list":["post-42112","post","type-post","status-publish","format-standard","has-post-thumbnail","hentry","category-destacado","category-nacional"],"_links":{"self":[{"href":"https:\/\/elinformante.mx\/index.php?rest_route=\/wp\/v2\/posts\/42112","targetHints":{"allow":["GET"]}}],"collection":[{"href":"https:\/\/elinformante.mx\/index.php?rest_route=\/wp\/v2\/posts"}],"about":[{"href":"https:\/\/elinformante.mx\/index.php?rest_route=\/wp\/v2\/types\/post"}],"author":[{"embeddable":true,"href":"https:\/\/elinformante.mx\/index.php?rest_route=\/wp\/v2\/users\/1"}],"replies":[{"embeddable":true,"href":"https:\/\/elinformante.mx\/index.php?rest_route=%2Fwp%2Fv2%2Fcomments&post=42112"}],"version-history":[{"count":0,"href":"https:\/\/elinformante.mx\/index.php?rest_route=\/wp\/v2\/posts\/42112\/revisions"}],"wp:featuredmedia":[{"embeddable":true,"href":"https:\/\/elinformante.mx\/index.php?rest_route=\/wp\/v2\/media\/42113"}],"wp:attachment":[{"href":"https:\/\/elinformante.mx\/index.php?rest_route=%2Fwp%2Fv2%2Fmedia&parent=42112"}],"wp:term":[{"taxonomy":"category","embeddable":true,"href":"https:\/\/elinformante.mx\/index.php?rest_route=%2Fwp%2Fv2%2Fcategories&post=42112"},{"taxonomy":"post_tag","embeddable":true,"href":"https:\/\/elinformante.mx\/index.php?rest_route=%2Fwp%2Fv2%2Ftags&post=42112"}],"curies":[{"name":"wp","href":"https:\/\/api.w.org\/{rel}","templated":true}]}}