{"id":42116,"date":"2023-11-28T06:55:08","date_gmt":"2023-11-28T12:55:08","guid":{"rendered":"https:\/\/elinformante.mx\/?p=42116"},"modified":"2023-12-01T00:48:31","modified_gmt":"2023-12-01T06:48:31","slug":"sin-senales","status":"publish","type":"post","link":"https:\/\/elinformante.mx\/?p=42116","title":{"rendered":"SIN SE\u00d1ALES"},"content":{"rendered":"\n<blockquote class=\"wp-block-quote is-layout-flow wp-block-quote-is-layout-flow\">\n<p><strong>Por Luis Pinal Da Silva<\/strong><\/p>\n<\/blockquote>\n\n\n\n<p>La extra\u00f1a decisi\u00f3n de la precandidata presidencial de Morena, Claudia Sheinbaum Pardo, de cancelar sorpresivamente su participaci\u00f3n en la Feria Internacional del Libro de Guadalajara, a donde hab\u00eda sido invitada para asistir a presentar un libro y su equipo de campa\u00f1a hab\u00eda confirmado su asistencia, ha dejado muchas interrogantes.<br><\/p>\n\n\n\n<p>Sin explicaci\u00f3n de por medio, decidi\u00f3 no acudir al principal foro literario y cultural de Am\u00e9rica Latina y uno de los m\u00e1s importantes del mundo. La Doctora en Ciencias Ambientales, que presume su car\u00e1cter de acad\u00e9mica, dijo simplemente en un video difundido en sus redes sociales que \u201cpor motivos de agenda\u201d no acudir\u00eda, dejando la impresi\u00f3n de que tuvo otras razones para desairar a la FIL.<br><\/p>\n\n\n\n<p>La cancelaci\u00f3n de Sheinbaum gener\u00f3 reacciones inmediatas. Su contrincante en la carrera presidencial, X\u00f3chitl G\u00e1lvez, se le fue directo a la doctora: \u201cZacatito pa\u2019l conejo. Le dijeron que no fuera\u201d, escribi\u00f3 en su cuenta de Twitter la precandidata del Frente Amplio por M\u00e9xico, quien aprovech\u00f3 para anunciar que ella s\u00ed acudir\u00eda, mientras que el rector de la Universidad de Guadalajara, patrocinadora del evento, confirm\u00f3 que la precandidata de Morena le avis\u00f3 que no asistir\u00eda.<br><\/p>\n\n\n\n<p>Desde el 9 de noviembre pasado, la directora de la FIL, Marisol Shulz, confirm\u00f3 que la precandidata de Morena ya hab\u00eda sido invitada para asistir al evento, igual que dijo que tambi\u00e9n invitaron a X\u00f3chitl G\u00e1lvez y ella desde esa fecha ya les hab\u00eda confirmado.<br><\/p>\n\n\n\n<p>M\u00e1s all\u00e1 de las razones que ha tenido Sheinbaum para negarse a asistir a un evento de la importancia de la FIL y de sus supuestos \u201cmotivos de agenda\u201d, lo que preocupa es que a estas alturas, la aspirante presidencial siga cargando las filias y las fobias de su jefe pol\u00edtico, Andr\u00e9s Manuel L\u00f3pez Obrador, porque es del dominio p\u00fablico que, desde que lleg\u00f3 al poder y, por un pleito pol\u00edtico absurdo que manten\u00eda con el difunto Ra\u00fal Padilla L\u00f3pez, el presidente de M\u00e9xico emprendi\u00f3 una campa\u00f1a de ataques en contra de la reconocida feria del libro de Guadalajara y lleg\u00f3 al absurdo de calificarla como \u201cuna feria de conservadores\u201d y de prohibirles a todos los miembros de su gabinete que asistieran a invitaciones a ese evento.<br><\/p>\n\n\n\n<p>Lo que no se entiende a estas alturas es que una mujer pol\u00edtica como Sheinbaum, que reivindica la igualdad de g\u00e9nero, la defensa de los derechos femeninos y la necesidad de \u201cun tiempo para las mujeres\u201d en el m\u00e1ximo poder de la Rep\u00fablica, no pueda a\u00fan tomar decisiones aut\u00f3nomas e independientes, en algo que claramente no le gusta a L\u00f3pez Obrador, como es la FIL, pero que a ella como candidata en campa\u00f1a claramente le conviene asistir.<br><\/p>\n\n\n\n<p>A querer o no, y m\u00e1s all\u00e1 de lo que piensen en la 4T, la Feria Internacional del Libro de Guadalajara es un foro democr\u00e1tico y diverso por excelencia para el debate de ideas, la presentaci\u00f3n de novedades literarias y todo un mundo de reflexiones y conocimientos que en los \u00faltimos a\u00f1os la convirtieron tambi\u00e9n en una parada obligada para los aspirantes presidenciales que justo en esta \u00e9poca del a\u00f1o est\u00e1n en fase de precampa\u00f1as.<br><\/p>\n\n\n\n<p>Por eso resulta extra\u00f1a y dif\u00edcil de entender la decisi\u00f3n de Sheinbaum; no porque est\u00e9 obligada a ir, sino porque su ausencia, que se suma a las de todo el sexenio en las que dej\u00f3 de acudir a la Feria tras las cr\u00edticas de L\u00f3pez Obrador al evento, s\u00ed parece tener un trasfondo pol\u00edtico y confirma que Claudia no tiene ninguna autonom\u00eda de Palacio Nacional.<\/p>\n","protected":false},"excerpt":{"rendered":"<p>Por Luis Pinal Da Silva La extra\u00f1a decisi\u00f3n de la precandidata presidencial de Morena, Claudia Sheinbaum Pardo, de cancelar sorpresivamente su participaci\u00f3n en la Feria Internacional del Libro de Guadalajara, a donde hab\u00eda sido invitada para asistir a presentar un libro y su equipo de campa\u00f1a hab\u00eda confirmado su asistencia, ha dejado muchas interrogantes. Sin [&hellip;]<\/p>\n","protected":false},"author":1,"featured_media":42117,"comment_status":"closed","ping_status":"closed","sticky":false,"template":"","format":"standard","meta":{"footnotes":""},"categories":[32],"tags":[],"class_list":["post-42116","post","type-post","status-publish","format-standard","has-post-thumbnail","hentry","category-editorial"],"_links":{"self":[{"href":"https:\/\/elinformante.mx\/index.php?rest_route=\/wp\/v2\/posts\/42116","targetHints":{"allow":["GET"]}}],"collection":[{"href":"https:\/\/elinformante.mx\/index.php?rest_route=\/wp\/v2\/posts"}],"about":[{"href":"https:\/\/elinformante.mx\/index.php?rest_route=\/wp\/v2\/types\/post"}],"author":[{"embeddable":true,"href":"https:\/\/elinformante.mx\/index.php?rest_route=\/wp\/v2\/users\/1"}],"replies":[{"embeddable":true,"href":"https:\/\/elinformante.mx\/index.php?rest_route=%2Fwp%2Fv2%2Fcomments&post=42116"}],"version-history":[{"count":0,"href":"https:\/\/elinformante.mx\/index.php?rest_route=\/wp\/v2\/posts\/42116\/revisions"}],"wp:featuredmedia":[{"embeddable":true,"href":"https:\/\/elinformante.mx\/index.php?rest_route=\/wp\/v2\/media\/42117"}],"wp:attachment":[{"href":"https:\/\/elinformante.mx\/index.php?rest_route=%2Fwp%2Fv2%2Fmedia&parent=42116"}],"wp:term":[{"taxonomy":"category","embeddable":true,"href":"https:\/\/elinformante.mx\/index.php?rest_route=%2Fwp%2Fv2%2Fcategories&post=42116"},{"taxonomy":"post_tag","embeddable":true,"href":"https:\/\/elinformante.mx\/index.php?rest_route=%2Fwp%2Fv2%2Ftags&post=42116"}],"curies":[{"name":"wp","href":"https:\/\/api.w.org\/{rel}","templated":true}]}}