{"id":42125,"date":"2023-11-28T07:02:30","date_gmt":"2023-11-28T13:02:30","guid":{"rendered":"https:\/\/elinformante.mx\/?p=42125"},"modified":"2023-12-01T00:48:30","modified_gmt":"2023-12-01T06:48:30","slug":"modificar-habitos-de-consumo-clave-para-enfrentar-el-cambio-climatico-cebd","status":"publish","type":"post","link":"https:\/\/elinformante.mx\/?p=42125","title":{"rendered":"Modificar h\u00e1bitos de consumo, clave para enfrentar el cambio clim\u00e1tico: CEBD"},"content":{"rendered":"\n<blockquote class=\"wp-block-quote is-layout-flow wp-block-quote-is-layout-flow\">\n<p>El rector de la UAEM\u00e9x, Carlos Eduardo Barrera D\u00edaz inaugur\u00f3 el Quinto Simposio Internacional de Cambio Clim\u00e1tico en el Estado de M\u00e9xico \u201cDe la ciencia a la sociedad\u201d.<\/p>\n<\/blockquote>\n\n\n\n<p>La Universidad Aut\u00f3noma del Estado de M\u00e9xico (UAEM\u00e9x) fue sede y co-convocante del Quinto Simposio Internacional de Cambio Clim\u00e1tico en el Estado de M\u00e9xico \u201cDe la ciencia a la sociedad\u201d junto con la Secretar\u00eda del Medio Ambiente y Desarrollo Sostenible estatal y el Instituto Estatal de Energ\u00eda y Cambio Clim\u00e1tico.<br><\/p>\n\n\n\n<p>En el Auditorio \u201cIng. Jos\u00e9 Yurrieta Vald\u00e9s\u201d del Edificio Administrativo de la UAEM\u00e9x, el rector de la M\u00e1xima Casa de Estudios mexiquense, Carlos Eduardo Barrera D\u00edaz, expres\u00f3 la trascendencia que tienen las acciones a favor del medio ambiente ante fen\u00f3menos como el cambio clim\u00e1tico cuyos efectos est\u00e1n presentes en distintas partes del mundo.<br><\/p>\n\n\n\n<figure class=\"wp-block-image size-large\"><img fetchpriority=\"high\" decoding=\"async\" width=\"1024\" height=\"503\" src=\"https:\/\/elinformante.mx\/wp-content\/uploads\/2023\/11\/MODIFICAR-HABITOS-4-1024x503.jpg\" alt=\"\" class=\"wp-image-42127\" srcset=\"https:\/\/elinformante.mx\/wp-content\/uploads\/2023\/11\/MODIFICAR-HABITOS-4-1024x503.jpg 1024w, https:\/\/elinformante.mx\/wp-content\/uploads\/2023\/11\/MODIFICAR-HABITOS-4-300x147.jpg 300w, https:\/\/elinformante.mx\/wp-content\/uploads\/2023\/11\/MODIFICAR-HABITOS-4-768x377.jpg 768w, https:\/\/elinformante.mx\/wp-content\/uploads\/2023\/11\/MODIFICAR-HABITOS-4-580x285.jpg 580w, https:\/\/elinformante.mx\/wp-content\/uploads\/2023\/11\/MODIFICAR-HABITOS-4-860x422.jpg 860w, https:\/\/elinformante.mx\/wp-content\/uploads\/2023\/11\/MODIFICAR-HABITOS-4.jpg 1140w\" sizes=\"(max-width: 1024px) 100vw, 1024px\" \/><\/figure>\n\n\n\n<p>En ese sentido, Barrera D\u00edaz refiri\u00f3 que en la UAEM\u00e9x se realizan diferentes acciones con perfil sustentable y sostenible como las campa\u00f1as de recolecci\u00f3n de botellas pet, con m\u00e1s de 100 mil kilos recolectados; el uso de unidades de PotroVerdeBus que consumen gas en lugar de di\u00e9sel, lo que ha permitido reducir 95 por ciento las part\u00edculas contaminantes y 20 por ciento de gases de efecto invernadero; as\u00ed como la instalaci\u00f3n de 500 paneles solares para transitar al consumo de energ\u00eda limpia; adem\u00e1s, del ahorro de 90 millones de litros de agua al a\u00f1o con el uso de mingitorios secos.<br><\/p>\n\n\n\n<p>\u201cNecesitamos todos tomar acciones, hay que modificar nuestros h\u00e1bitos de consumo, hay que cambiar algunas cuestiones que estamos acostumbrados a hacer\u201d, asegur\u00f3.<br><\/p>\n\n\n\n<figure class=\"wp-block-image size-large\"><img decoding=\"async\" width=\"1024\" height=\"503\" src=\"https:\/\/elinformante.mx\/wp-content\/uploads\/2023\/11\/MODIFICAR-HABITOS-2-1024x503.jpg\" alt=\"\" class=\"wp-image-42128\" srcset=\"https:\/\/elinformante.mx\/wp-content\/uploads\/2023\/11\/MODIFICAR-HABITOS-2-1024x503.jpg 1024w, https:\/\/elinformante.mx\/wp-content\/uploads\/2023\/11\/MODIFICAR-HABITOS-2-300x147.jpg 300w, https:\/\/elinformante.mx\/wp-content\/uploads\/2023\/11\/MODIFICAR-HABITOS-2-768x377.jpg 768w, https:\/\/elinformante.mx\/wp-content\/uploads\/2023\/11\/MODIFICAR-HABITOS-2-580x285.jpg 580w, https:\/\/elinformante.mx\/wp-content\/uploads\/2023\/11\/MODIFICAR-HABITOS-2-860x422.jpg 860w, https:\/\/elinformante.mx\/wp-content\/uploads\/2023\/11\/MODIFICAR-HABITOS-2.jpg 1140w\" sizes=\"(max-width: 1024px) 100vw, 1024px\" \/><\/figure>\n\n\n\n<p>En coincidencia, el director general de Prevenci\u00f3n y Control de la Contaminaci\u00f3n Atmosf\u00e9rica, Ra\u00fal Pi\u00f1a Orta, agradeci\u00f3 a la UAEM\u00e9x el espacio para que especialistas, acad\u00e9micos, servidores p\u00fablicos y sociedad en general dialoguen en materia ambiental y cambio clim\u00e1tico, fen\u00f3meno que aqueja al mundo.<br><\/p>\n\n\n\n<p>En tanto, la embajadora de la Rep\u00fablica de Serbia en M\u00e9xico, Tatjana Conic reconoci\u00f3 la pertenencia de que la UAEM\u00e9x fuera sede del simposio, pues la formaci\u00f3n que se imparte en las universidades a los j\u00f3venes, dijo, es clave para que el mundo confronte problem\u00e1ticas como el cambio clim\u00e1tico.<br><\/p>\n\n\n\n<figure class=\"wp-block-image size-large\"><img decoding=\"async\" width=\"1024\" height=\"503\" src=\"https:\/\/elinformante.mx\/wp-content\/uploads\/2023\/11\/MODIFICAR-HABITOS-1024x503.jpg\" alt=\"\" class=\"wp-image-42129\" srcset=\"https:\/\/elinformante.mx\/wp-content\/uploads\/2023\/11\/MODIFICAR-HABITOS-1024x503.jpg 1024w, https:\/\/elinformante.mx\/wp-content\/uploads\/2023\/11\/MODIFICAR-HABITOS-300x147.jpg 300w, https:\/\/elinformante.mx\/wp-content\/uploads\/2023\/11\/MODIFICAR-HABITOS-768x377.jpg 768w, https:\/\/elinformante.mx\/wp-content\/uploads\/2023\/11\/MODIFICAR-HABITOS-580x285.jpg 580w, https:\/\/elinformante.mx\/wp-content\/uploads\/2023\/11\/MODIFICAR-HABITOS-860x422.jpg 860w, https:\/\/elinformante.mx\/wp-content\/uploads\/2023\/11\/MODIFICAR-HABITOS.jpg 1140w\" sizes=\"(max-width: 1024px) 100vw, 1024px\" \/><\/figure>\n\n\n\n<p>En su oportunidad, la directora general del Instituto Estatal de Energ\u00eda y Cambio Clim\u00e1tico, Mayara Er\u00e9ndira G\u00f3mez Bravo lament\u00f3 que las conductas diarias y cotidianas del ser humano da\u00f1an y destruyen el ambiente, las cuales llegan a ser irreversibles. En tanto, la directora de impacto en la Conservaci\u00f3n de WWF M\u00e9xico, Mar\u00eda Jos\u00e9 Villanueva alert\u00f3 sobre las consecuencias del cambio clim\u00e1tico y la importancia de encontrar y materializar soluciones para contrarrestarlo de la mano con la sociedad.<br><\/p>\n\n\n\n<p>A la inauguraci\u00f3n del Simposio acudi\u00f3 el coordinador de Asuntos Internacionales de la entidad, Jos\u00e9 Pablo Montemayor Camacho; la subdirectora de Modelaci\u00f3n y An\u00e1lisis de Pol\u00edticas de Mitigaci\u00f3n del Instituto Nacional de Ecolog\u00eda y Cambio Clim\u00e1tico del Gobierno de M\u00e9xico, Eunice Alejandra Cort\u00e9s Alfaro, integrantes del gabinete universitario y comunidad en general.<\/p>\n","protected":false},"excerpt":{"rendered":"<p>El rector de la UAEM\u00e9x, Carlos Eduardo Barrera D\u00edaz inaugur\u00f3 el Quinto Simposio Internacional de Cambio Clim\u00e1tico en el Estado de M\u00e9xico \u201cDe la ciencia a la sociedad\u201d. La Universidad Aut\u00f3noma del Estado de M\u00e9xico (UAEM\u00e9x) fue sede y co-convocante del Quinto Simposio Internacional de Cambio Clim\u00e1tico en el Estado de M\u00e9xico \u201cDe la ciencia [&hellip;]<\/p>\n","protected":false},"author":1,"featured_media":42126,"comment_status":"closed","ping_status":"closed","sticky":false,"template":"","format":"standard","meta":{"footnotes":""},"categories":[30,31],"tags":[],"class_list":["post-42125","post","type-post","status-publish","format-standard","has-post-thumbnail","hentry","category-destacado","category-portada"],"_links":{"self":[{"href":"https:\/\/elinformante.mx\/index.php?rest_route=\/wp\/v2\/posts\/42125","targetHints":{"allow":["GET"]}}],"collection":[{"href":"https:\/\/elinformante.mx\/index.php?rest_route=\/wp\/v2\/posts"}],"about":[{"href":"https:\/\/elinformante.mx\/index.php?rest_route=\/wp\/v2\/types\/post"}],"author":[{"embeddable":true,"href":"https:\/\/elinformante.mx\/index.php?rest_route=\/wp\/v2\/users\/1"}],"replies":[{"embeddable":true,"href":"https:\/\/elinformante.mx\/index.php?rest_route=%2Fwp%2Fv2%2Fcomments&post=42125"}],"version-history":[{"count":0,"href":"https:\/\/elinformante.mx\/index.php?rest_route=\/wp\/v2\/posts\/42125\/revisions"}],"wp:featuredmedia":[{"embeddable":true,"href":"https:\/\/elinformante.mx\/index.php?rest_route=\/wp\/v2\/media\/42126"}],"wp:attachment":[{"href":"https:\/\/elinformante.mx\/index.php?rest_route=%2Fwp%2Fv2%2Fmedia&parent=42125"}],"wp:term":[{"taxonomy":"category","embeddable":true,"href":"https:\/\/elinformante.mx\/index.php?rest_route=%2Fwp%2Fv2%2Fcategories&post=42125"},{"taxonomy":"post_tag","embeddable":true,"href":"https:\/\/elinformante.mx\/index.php?rest_route=%2Fwp%2Fv2%2Ftags&post=42125"}],"curies":[{"name":"wp","href":"https:\/\/api.w.org\/{rel}","templated":true}]}}