{"id":42131,"date":"2023-11-28T07:07:35","date_gmt":"2023-11-28T13:07:35","guid":{"rendered":"https:\/\/elinformante.mx\/?p=42131"},"modified":"2023-12-01T00:48:29","modified_gmt":"2023-12-01T06:48:29","slug":"conceden-amparo-definitivo-contra-extincion-de-fideicomisos-del-poder-judicial","status":"publish","type":"post","link":"https:\/\/elinformante.mx\/?p=42131","title":{"rendered":"CONCEDEN AMPARO DEFINITIVO CONTRA EXTINCI\u00d3N DE FIDEICOMISOS DEL PODER JUDICIAL"},"content":{"rendered":"\n<blockquote class=\"wp-block-quote is-layout-flow wp-block-quote-is-layout-flow\">\n<p>La JUFED detall\u00f3 que esta extinci\u00f3n afecta derechos adquiridos previstos en las Condiciones Generales de Trabajo de los juzgadores y servidores p\u00fablicos del PJF.<\/p>\n<\/blockquote>\n\n\n\n<p>Una jueza concedi\u00f3 la suspensi\u00f3n definitiva en el juicio de amparo 1754\/ 2023, contra la extinci\u00f3n de los 13 fideicomisos del Poder Judicial de la Federaci\u00f3n que acumula 15 mil 800 millones de pesos.<br><\/p>\n\n\n\n<p>La jueza de Distrito en Materia Administrativa de la Ciudad de M\u00e9xico, Elizabeth Trejo, concedi\u00f3 la suspensi\u00f3n a la Asociaci\u00f3n Nacional de Magistrados de Circuito y Jueces de Distrito del Poder Judicial de la Federaci\u00f3n (JUFED), cuyos efectos subsistir\u00e1n hasta que se resuelva el juicio en lo principal.<br><\/p>\n\n\n\n<figure class=\"wp-block-image size-large\"><img fetchpriority=\"high\" decoding=\"async\" width=\"1024\" height=\"503\" src=\"https:\/\/elinformante.mx\/wp-content\/uploads\/2023\/11\/CONCEDEN-AMPARO-2-1024x503.jpg\" alt=\"\" class=\"wp-image-42133\" srcset=\"https:\/\/elinformante.mx\/wp-content\/uploads\/2023\/11\/CONCEDEN-AMPARO-2-1024x503.jpg 1024w, https:\/\/elinformante.mx\/wp-content\/uploads\/2023\/11\/CONCEDEN-AMPARO-2-300x147.jpg 300w, https:\/\/elinformante.mx\/wp-content\/uploads\/2023\/11\/CONCEDEN-AMPARO-2-768x377.jpg 768w, https:\/\/elinformante.mx\/wp-content\/uploads\/2023\/11\/CONCEDEN-AMPARO-2-580x285.jpg 580w, https:\/\/elinformante.mx\/wp-content\/uploads\/2023\/11\/CONCEDEN-AMPARO-2-860x422.jpg 860w, https:\/\/elinformante.mx\/wp-content\/uploads\/2023\/11\/CONCEDEN-AMPARO-2.jpg 1140w\" sizes=\"(max-width: 1024px) 100vw, 1024px\" \/><\/figure>\n\n\n\n<p>La JUFED detall\u00f3 que a los juzgadores y servidores p\u00fablicos del PJF la extinci\u00f3n de dichos fideicomisos afecta derechos adquiridos previstos en las Condiciones Generales de Trabajo.<br><\/p>\n\n\n\n<p>Abund\u00f3 que no se extingan ni se haga entrega de los fondos, recursos remanentes, productos y aprovechamientos derivados de los 13 fideicomisos a la Tesorer\u00eda de la Federaci\u00f3n, correspondientes a la Suprema Corte de Justicia de la Naci\u00f3n, Consejo de la Judicatura Federal y Tribunal Electoral del Poder Judicial de la Federaci\u00f3n, involucrados en el Decreto legislativo reclamado.<br><\/p>\n\n\n\n<figure class=\"wp-block-image size-large\"><img decoding=\"async\" width=\"1024\" height=\"503\" src=\"https:\/\/elinformante.mx\/wp-content\/uploads\/2023\/11\/CONCEDEN-AMPARO-4-1024x503.jpg\" alt=\"\" class=\"wp-image-42134\" srcset=\"https:\/\/elinformante.mx\/wp-content\/uploads\/2023\/11\/CONCEDEN-AMPARO-4-1024x503.jpg 1024w, https:\/\/elinformante.mx\/wp-content\/uploads\/2023\/11\/CONCEDEN-AMPARO-4-300x147.jpg 300w, https:\/\/elinformante.mx\/wp-content\/uploads\/2023\/11\/CONCEDEN-AMPARO-4-768x377.jpg 768w, https:\/\/elinformante.mx\/wp-content\/uploads\/2023\/11\/CONCEDEN-AMPARO-4-580x285.jpg 580w, https:\/\/elinformante.mx\/wp-content\/uploads\/2023\/11\/CONCEDEN-AMPARO-4-860x422.jpg 860w, https:\/\/elinformante.mx\/wp-content\/uploads\/2023\/11\/CONCEDEN-AMPARO-4.jpg 1140w\" sizes=\"(max-width: 1024px) 100vw, 1024px\" \/><\/figure>\n\n\n\n<p>\u201cLo anterior, en virtud de que la suspensi\u00f3n ahora en definitiva, se concedi\u00f3 respecto de la norma reclamada para que las cosas se mantengan en el estado que guardan.\u201d<br><\/p>\n\n\n\n<p>\u201cPero con efectos generales por impactar a todo el personal de la Judicatura Federal, lo cual implica que los fondos de dichos fideicomisos se seguir\u00e1n aplicando para cumplir con su objeto y fines originalmente determinados en ellos, cuyo destino final se determinar\u00e1 en una sentencia constitucional\u201d, detall\u00f3 la Asociaci\u00f3n.<br><\/p>\n\n\n\n<figure class=\"wp-block-image size-large\"><img decoding=\"async\" width=\"1024\" height=\"503\" src=\"https:\/\/elinformante.mx\/wp-content\/uploads\/2023\/11\/CONCEDEN-AMPARO-5-1024x503.jpg\" alt=\"\" class=\"wp-image-42135\" srcset=\"https:\/\/elinformante.mx\/wp-content\/uploads\/2023\/11\/CONCEDEN-AMPARO-5-1024x503.jpg 1024w, https:\/\/elinformante.mx\/wp-content\/uploads\/2023\/11\/CONCEDEN-AMPARO-5-300x147.jpg 300w, https:\/\/elinformante.mx\/wp-content\/uploads\/2023\/11\/CONCEDEN-AMPARO-5-768x377.jpg 768w, https:\/\/elinformante.mx\/wp-content\/uploads\/2023\/11\/CONCEDEN-AMPARO-5-580x285.jpg 580w, https:\/\/elinformante.mx\/wp-content\/uploads\/2023\/11\/CONCEDEN-AMPARO-5-860x422.jpg 860w, https:\/\/elinformante.mx\/wp-content\/uploads\/2023\/11\/CONCEDEN-AMPARO-5.jpg 1140w\" sizes=\"(max-width: 1024px) 100vw, 1024px\" \/><\/figure>\n\n\n\n<p>La suspensi\u00f3n definitiva de la jueza se\u00f1ala que se concede la suspensi\u00f3n definitiva, en t\u00e9rminos de lo expuesto en la resoluci\u00f3n y para los efectos precisados.<br><\/p>\n\n\n\n<p>\u201cH\u00e1gase del conocimiento del Decimotercer Tribunal Colegiado en Materia Administrativa del Primer Circuito y de la Segunda Sala de la Suprema Corte de Justicia de la Naci\u00f3n, la presente determinaci\u00f3n, en los t\u00e9rminos indicados en el \u00faltimo considerando\u201d, refiere la suspensi\u00f3n definitiva.<br><\/p>\n\n\n\n<figure class=\"wp-block-image size-large\"><img loading=\"lazy\" decoding=\"async\" width=\"1024\" height=\"503\" src=\"https:\/\/elinformante.mx\/wp-content\/uploads\/2023\/11\/CONCEDEN-AMPARO-6-1024x503.jpg\" alt=\"\" class=\"wp-image-42136\" srcset=\"https:\/\/elinformante.mx\/wp-content\/uploads\/2023\/11\/CONCEDEN-AMPARO-6-1024x503.jpg 1024w, https:\/\/elinformante.mx\/wp-content\/uploads\/2023\/11\/CONCEDEN-AMPARO-6-300x147.jpg 300w, https:\/\/elinformante.mx\/wp-content\/uploads\/2023\/11\/CONCEDEN-AMPARO-6-768x377.jpg 768w, https:\/\/elinformante.mx\/wp-content\/uploads\/2023\/11\/CONCEDEN-AMPARO-6-580x285.jpg 580w, https:\/\/elinformante.mx\/wp-content\/uploads\/2023\/11\/CONCEDEN-AMPARO-6-860x422.jpg 860w, https:\/\/elinformante.mx\/wp-content\/uploads\/2023\/11\/CONCEDEN-AMPARO-6.jpg 1140w\" sizes=\"(max-width: 1024px) 100vw, 1024px\" \/><\/figure>\n\n\n\n<p>Abunda que la suspensi\u00f3n definitiva de los actos reclamados, con lo que pretende que las instituciones fiduciarias se abstengan de llevar a cabo la extinci\u00f3n o terminaci\u00f3n de los fideicomisos, con el objeto que se sigan ejerciendo todos los derechos de las partes fideicomisarias y beneficiarias de los mismos.<br><\/p>\n\n\n\n<p>\u201cPor su naturaleza, se trata de un acto positivo, por lo que s\u00ed permite su paralizaci\u00f3n. El requisito relativo a que la suspensi\u00f3n sea solicitada por el agraviado supone la demostraci\u00f3n de su inter\u00e9s en que forma presuntiva, es decir, que cuenta con un derecho tutelado\u201d, precisa.<\/p>\n\n\n\n<figure class=\"wp-block-image size-large\"><img loading=\"lazy\" decoding=\"async\" width=\"1024\" height=\"503\" src=\"https:\/\/elinformante.mx\/wp-content\/uploads\/2023\/11\/CONCEDEN-AMPARO-1024x503.jpg\" alt=\"\" class=\"wp-image-42137\" srcset=\"https:\/\/elinformante.mx\/wp-content\/uploads\/2023\/11\/CONCEDEN-AMPARO-1024x503.jpg 1024w, https:\/\/elinformante.mx\/wp-content\/uploads\/2023\/11\/CONCEDEN-AMPARO-300x147.jpg 300w, https:\/\/elinformante.mx\/wp-content\/uploads\/2023\/11\/CONCEDEN-AMPARO-768x377.jpg 768w, https:\/\/elinformante.mx\/wp-content\/uploads\/2023\/11\/CONCEDEN-AMPARO-580x285.jpg 580w, https:\/\/elinformante.mx\/wp-content\/uploads\/2023\/11\/CONCEDEN-AMPARO-860x422.jpg 860w, https:\/\/elinformante.mx\/wp-content\/uploads\/2023\/11\/CONCEDEN-AMPARO.jpg 1140w\" sizes=\"(max-width: 1024px) 100vw, 1024px\" \/><\/figure>\n","protected":false},"excerpt":{"rendered":"<p>La JUFED detall\u00f3 que esta extinci\u00f3n afecta derechos adquiridos previstos en las Condiciones Generales de Trabajo de los juzgadores y servidores p\u00fablicos del PJF. Una jueza concedi\u00f3 la suspensi\u00f3n definitiva en el juicio de amparo 1754\/ 2023, contra la extinci\u00f3n de los 13 fideicomisos del Poder Judicial de la Federaci\u00f3n que acumula 15 mil 800 [&hellip;]<\/p>\n","protected":false},"author":1,"featured_media":42132,"comment_status":"closed","ping_status":"closed","sticky":false,"template":"","format":"standard","meta":{"footnotes":""},"categories":[30,31],"tags":[],"class_list":["post-42131","post","type-post","status-publish","format-standard","has-post-thumbnail","hentry","category-destacado","category-portada"],"_links":{"self":[{"href":"https:\/\/elinformante.mx\/index.php?rest_route=\/wp\/v2\/posts\/42131","targetHints":{"allow":["GET"]}}],"collection":[{"href":"https:\/\/elinformante.mx\/index.php?rest_route=\/wp\/v2\/posts"}],"about":[{"href":"https:\/\/elinformante.mx\/index.php?rest_route=\/wp\/v2\/types\/post"}],"author":[{"embeddable":true,"href":"https:\/\/elinformante.mx\/index.php?rest_route=\/wp\/v2\/users\/1"}],"replies":[{"embeddable":true,"href":"https:\/\/elinformante.mx\/index.php?rest_route=%2Fwp%2Fv2%2Fcomments&post=42131"}],"version-history":[{"count":0,"href":"https:\/\/elinformante.mx\/index.php?rest_route=\/wp\/v2\/posts\/42131\/revisions"}],"wp:featuredmedia":[{"embeddable":true,"href":"https:\/\/elinformante.mx\/index.php?rest_route=\/wp\/v2\/media\/42132"}],"wp:attachment":[{"href":"https:\/\/elinformante.mx\/index.php?rest_route=%2Fwp%2Fv2%2Fmedia&parent=42131"}],"wp:term":[{"taxonomy":"category","embeddable":true,"href":"https:\/\/elinformante.mx\/index.php?rest_route=%2Fwp%2Fv2%2Fcategories&post=42131"},{"taxonomy":"post_tag","embeddable":true,"href":"https:\/\/elinformante.mx\/index.php?rest_route=%2Fwp%2Fv2%2Ftags&post=42131"}],"curies":[{"name":"wp","href":"https:\/\/api.w.org\/{rel}","templated":true}]}}