{"id":42143,"date":"2023-11-28T13:15:56","date_gmt":"2023-11-28T19:15:56","guid":{"rendered":"https:\/\/elinformante.mx\/?p=42143"},"modified":"2023-12-01T00:48:29","modified_gmt":"2023-12-01T06:48:29","slug":"golpe-al-crimen-organizado-dictan-sentencia-a-banda-de-asaltantes","status":"publish","type":"post","link":"https:\/\/elinformante.mx\/?p=42143","title":{"rendered":"Golpe al crimen organizado!!! dictan sentencia a banda de asaltantes"},"content":{"rendered":"\n<p>La Fiscal\u00eda General de Justicia del Estado de M\u00e9xico (<strong>FGJEM<\/strong>), inform\u00f3 que Jonathan Cort\u00e9s Povedano, Mario C\u00e9sar P\u00e9rez Santiago y Brandon Jes\u00fas Meza Escamilla, fueron sentenciados a 60 a\u00f1os de prisi\u00f3n, tras haber acreditado su participaci\u00f3n en el delito de robo a <strong>transporte p\u00fablico<\/strong>, con la agravante de causar la muerte de una persona.<\/p>\n\n\n\n<p>De acuerdo con las investigaciones, el 6 de mayo de 2021, los sentenciados se hicieron pasar por pasajeros de una unidad de <strong>servicio p\u00fablico<\/strong>; amagaron a los usuarios para despojarlos de sus pertenencias y a uno de ellos le dispararon, ocasion\u00e1ndole la muerte, en la Colonia Xaltipac de <strong>Chimalhuac\u00e1n<\/strong>, <strong>Edomex<\/strong>.<\/p>\n\n\n\n<figure class=\"wp-block-image size-large\"><img fetchpriority=\"high\" decoding=\"async\" width=\"1024\" height=\"576\" src=\"https:\/\/elinformante.mx\/wp-content\/uploads\/2023\/11\/PORTADA-1-1-1024x576.png\" alt=\"\" class=\"wp-image-42144\" srcset=\"https:\/\/elinformante.mx\/wp-content\/uploads\/2023\/11\/PORTADA-1-1-1024x576.png 1024w, https:\/\/elinformante.mx\/wp-content\/uploads\/2023\/11\/PORTADA-1-1-300x169.png 300w, https:\/\/elinformante.mx\/wp-content\/uploads\/2023\/11\/PORTADA-1-1-768x432.png 768w, https:\/\/elinformante.mx\/wp-content\/uploads\/2023\/11\/PORTADA-1-1-1536x864.png 1536w, https:\/\/elinformante.mx\/wp-content\/uploads\/2023\/11\/PORTADA-1-1-580x326.png 580w, https:\/\/elinformante.mx\/wp-content\/uploads\/2023\/11\/PORTADA-1-1-860x484.png 860w, https:\/\/elinformante.mx\/wp-content\/uploads\/2023\/11\/PORTADA-1-1-1160x653.png 1160w, https:\/\/elinformante.mx\/wp-content\/uploads\/2023\/11\/PORTADA-1-1.png 1920w\" sizes=\"(max-width: 1024px) 100vw, 1024px\" \/><\/figure>\n","protected":false},"excerpt":{"rendered":"<p>La Fiscal\u00eda General de Justicia del Estado de M\u00e9xico (FGJEM), inform\u00f3 que Jonathan Cort\u00e9s Povedano, Mario C\u00e9sar P\u00e9rez Santiago y Brandon Jes\u00fas Meza Escamilla, fueron sentenciados a 60 a\u00f1os de prisi\u00f3n, tras haber acreditado su participaci\u00f3n en el delito de robo a transporte p\u00fablico, con la agravante de causar la muerte de una persona. De [&hellip;]<\/p>\n","protected":false},"author":2,"featured_media":42145,"comment_status":"closed","ping_status":"closed","sticky":false,"template":"","format":"standard","meta":{"footnotes":""},"categories":[36],"tags":[],"class_list":["post-42143","post","type-post","status-publish","format-standard","has-post-thumbnail","hentry","category-edomex"],"_links":{"self":[{"href":"https:\/\/elinformante.mx\/index.php?rest_route=\/wp\/v2\/posts\/42143","targetHints":{"allow":["GET"]}}],"collection":[{"href":"https:\/\/elinformante.mx\/index.php?rest_route=\/wp\/v2\/posts"}],"about":[{"href":"https:\/\/elinformante.mx\/index.php?rest_route=\/wp\/v2\/types\/post"}],"author":[{"embeddable":true,"href":"https:\/\/elinformante.mx\/index.php?rest_route=\/wp\/v2\/users\/2"}],"replies":[{"embeddable":true,"href":"https:\/\/elinformante.mx\/index.php?rest_route=%2Fwp%2Fv2%2Fcomments&post=42143"}],"version-history":[{"count":0,"href":"https:\/\/elinformante.mx\/index.php?rest_route=\/wp\/v2\/posts\/42143\/revisions"}],"wp:featuredmedia":[{"embeddable":true,"href":"https:\/\/elinformante.mx\/index.php?rest_route=\/wp\/v2\/media\/42145"}],"wp:attachment":[{"href":"https:\/\/elinformante.mx\/index.php?rest_route=%2Fwp%2Fv2%2Fmedia&parent=42143"}],"wp:term":[{"taxonomy":"category","embeddable":true,"href":"https:\/\/elinformante.mx\/index.php?rest_route=%2Fwp%2Fv2%2Fcategories&post=42143"},{"taxonomy":"post_tag","embeddable":true,"href":"https:\/\/elinformante.mx\/index.php?rest_route=%2Fwp%2Fv2%2Ftags&post=42143"}],"curies":[{"name":"wp","href":"https:\/\/api.w.org\/{rel}","templated":true}]}}