{"id":42166,"date":"2023-11-29T05:02:49","date_gmt":"2023-11-29T11:02:49","guid":{"rendered":"https:\/\/elinformante.mx\/?p=42166"},"modified":"2023-12-01T00:48:28","modified_gmt":"2023-12-01T06:48:28","slug":"por-homicidio-calificado-dos-sujetos-son-vinculados-a-proceso","status":"publish","type":"post","link":"https:\/\/elinformante.mx\/?p=42166","title":{"rendered":"Por homicidio calificado, dos sujetos son vinculados a proceso"},"content":{"rendered":"\n<blockquote class=\"wp-block-quote is-layout-flow wp-block-quote-is-layout-flow\">\n<p>Uno de los il\u00edcitos fue perpetrado en Naucalpan y otro en Santiago Tianguistenco.<\/p>\n<\/blockquote>\n\n\n\n<p>Dos personas detenidas en acciones distintas, fueron vinculadas a proceso, luego de que la Fiscal\u00eda General de Justicia del Estado de M\u00e9xico (FGJEM) acredit\u00f3 su posible intervenci\u00f3n en homicidios, uno de ellos ocurrido en Naucalpan y otro en Santiago Tianguistenco.<br><\/p>\n\n\n\n<p>En uno de los casos, el Agente del Ministerio P\u00fablico aport\u00f3 ante la Autoridad Judicial datos de prueba contra Eduardo \u201cN\u201d, por lo que fue iniciado proceso legal en su contra por homicidio calificado, delito que habr\u00eda perpetrado el 29 de julio de 2018, en la colonia El Magueyal, en Naucalpan.<br><\/p>\n\n\n\n<p>El d\u00eda de los hechos, la v\u00edctima se encontraba con otra persona en calles de dicha colonia, lugar al que arrib\u00f3 el hoy detenido y otros sujetos, quienes en un primer momento la habr\u00edan agredido verbalmente para luego golpearla con una piedra en la cabeza, ocasion\u00e1ndole la muerte. Los posibles implicados subieron el cuerpo a una camioneta y se retiraron del sitio; un d\u00eda despu\u00e9s fue realizado el hallazgo del mismo en calles de la zona.<br><\/p>\n\n\n\n<p>En otro caso, un Juez vincul\u00f3 a proceso a Mar\u00eda Fernanda \u201cN\u201d, tras quedar acreditada su posible intervenci\u00f3n en el homicidio de un hombre, el 3 de octubre pasado, en un mercado ubicado en Boulevard Carlos Hank Gonz\u00e1lez en Santiago Tianguistenco. La investigaci\u00f3n iniciada por la Fiscal\u00eda estatal precis\u00f3 que esta mujer y otros individuos, al parecer, iniciaron una pelea con la v\u00edctima y en alg\u00fan momento la hoy detenida sac\u00f3 un arma de fuego, la cual entreg\u00f3 a uno de sus acompa\u00f1antes, quien la habr\u00eda detonado en contra de esta persona, ocasion\u00e1ndole la muerte.<br><\/p>\n\n\n\n<p>Por los hechos referidos el Agente del Ministerio P\u00fablico inici\u00f3 la indagatoria correspondiente y fueron aprehendidos los posibles responsables, mismos que fueron ingresados al Centro Penitenciario y de Reinserci\u00f3n Social a disposici\u00f3n de la Autoridad Judicial, quien los vincul\u00f3 a proceso, sin embargo, deben ser considerados inocentes hasta que sea dictada una sentencia condenatoria en su contra.<\/p>\n","protected":false},"excerpt":{"rendered":"<p>Uno de los il\u00edcitos fue perpetrado en Naucalpan y otro en Santiago Tianguistenco. Dos personas detenidas en acciones distintas, fueron vinculadas a proceso, luego de que la Fiscal\u00eda General de Justicia del Estado de M\u00e9xico (FGJEM) acredit\u00f3 su posible intervenci\u00f3n en homicidios, uno de ellos ocurrido en Naucalpan y otro en Santiago Tianguistenco. En uno [&hellip;]<\/p>\n","protected":false},"author":1,"featured_media":42167,"comment_status":"closed","ping_status":"closed","sticky":false,"template":"","format":"standard","meta":{"footnotes":""},"categories":[36,37],"tags":[],"class_list":["post-42166","post","type-post","status-publish","format-standard","has-post-thumbnail","hentry","category-edomex","category-justicia"],"_links":{"self":[{"href":"https:\/\/elinformante.mx\/index.php?rest_route=\/wp\/v2\/posts\/42166","targetHints":{"allow":["GET"]}}],"collection":[{"href":"https:\/\/elinformante.mx\/index.php?rest_route=\/wp\/v2\/posts"}],"about":[{"href":"https:\/\/elinformante.mx\/index.php?rest_route=\/wp\/v2\/types\/post"}],"author":[{"embeddable":true,"href":"https:\/\/elinformante.mx\/index.php?rest_route=\/wp\/v2\/users\/1"}],"replies":[{"embeddable":true,"href":"https:\/\/elinformante.mx\/index.php?rest_route=%2Fwp%2Fv2%2Fcomments&post=42166"}],"version-history":[{"count":0,"href":"https:\/\/elinformante.mx\/index.php?rest_route=\/wp\/v2\/posts\/42166\/revisions"}],"wp:featuredmedia":[{"embeddable":true,"href":"https:\/\/elinformante.mx\/index.php?rest_route=\/wp\/v2\/media\/42167"}],"wp:attachment":[{"href":"https:\/\/elinformante.mx\/index.php?rest_route=%2Fwp%2Fv2%2Fmedia&parent=42166"}],"wp:term":[{"taxonomy":"category","embeddable":true,"href":"https:\/\/elinformante.mx\/index.php?rest_route=%2Fwp%2Fv2%2Fcategories&post=42166"},{"taxonomy":"post_tag","embeddable":true,"href":"https:\/\/elinformante.mx\/index.php?rest_route=%2Fwp%2Fv2%2Ftags&post=42166"}],"curies":[{"name":"wp","href":"https:\/\/api.w.org\/{rel}","templated":true}]}}