{"id":42169,"date":"2023-11-29T05:03:55","date_gmt":"2023-11-29T11:03:55","guid":{"rendered":"https:\/\/elinformante.mx\/?p=42169"},"modified":"2023-12-01T00:48:28","modified_gmt":"2023-12-01T06:48:28","slug":"obtienen-condena-de-90-anos-de-prision-a-secuestrador-de-dos-personas-en-amanalco","status":"publish","type":"post","link":"https:\/\/elinformante.mx\/?p=42169","title":{"rendered":"Obtienen condena de 90 a\u00f1os de prisi\u00f3n a secuestrador de dos personas en Amanalco"},"content":{"rendered":"\n<blockquote class=\"wp-block-quote is-layout-flow wp-block-quote-is-layout-flow\">\n<p>Este sujeto fue aprehendido en octubre de 2020 en el estado de Sonora, por elementos de la Fiscal\u00eda Edom\u00e9x.<\/p>\n<\/blockquote>\n\n\n\n<p>La Fiscal\u00eda General de Justicia del Estado de M\u00e9xico (FGJEM) obtuvo sentencia de condena de 90 a\u00f1os de prisi\u00f3n en contra de Alejandro Mart\u00ednez Muci\u00f1o, al acreditarse su intervenci\u00f3n en la comisi\u00f3n de dicho il\u00edcito en agravio de dos personas.<br><\/p>\n\n\n\n<p>La Autoridad Judicial, luego de revisar las pruebas recabadas, aportadas y expuestas por el Ministerio P\u00fablico, emiti\u00f3 esta condena contra el acusado, adem\u00e1s le impuso multa de 186 mil pesos y la cantidad de 184 mil 567 pesos para la reparaci\u00f3n del da\u00f1o moral.<br><\/p>\n\n\n\n<p>Los hechos por los que fue sentenciado se registraron el 21 de abril de 2020, cuando varios sujetos armados, a bordo de dos veh\u00edculos, arribaron a un negocio con giro de taller el\u00e9ctrico, ubicado en la cabecera municipal de Amanalco de Becerra, donde sometieron y se llevaron del sitio a las dos v\u00edctimas.<br><\/p>\n\n\n\n<p>Posteriormente, familiares de las v\u00edctimas recibieron varias llamadas telef\u00f3nicas, en donde un sujeto quien dijo pertenecer a un grupo delictivo con or\u00edgenes en el estado de Jalisco, le solicit\u00f3 una fuerte suma econ\u00f3mica a cambio de liberarlas.<br><\/p>\n\n\n\n<p>Los hechos referidos fueron denunciados ante el Agente del Ministerio P\u00fablico, quien inici\u00f3 la indagatoria correspondiente por el delito de secuestro y con el avance en la investigaci\u00f3n fue posible identificar a Alejandro Mart\u00ednez Muci\u00f1o como responsable del il\u00edcito.<br><\/p>\n\n\n\n<p>Este sujeto fue aprehendido en el mes de octubre de 2020 por elementos de la Polic\u00eda de Investigaci\u00f3n (PDI), en Hermosillo, estado de Sonora, para lo cual esta Fiscal\u00eda Edom\u00e9x cont\u00f3 con el apoyo de autoridades de esa entidad.<br><\/p>\n\n\n\n<p>Una vez detenido fue trasladado al Estado de M\u00e9xico e ingresado al Centro Penitenciario y de Reinserci\u00f3n Social de Valle de Bravo, a disposici\u00f3n de la Autoridad Judicial, quien tras proceso legal, le dict\u00f3 esta sentencia de condena.<\/p>\n","protected":false},"excerpt":{"rendered":"<p>Este sujeto fue aprehendido en octubre de 2020 en el estado de Sonora, por elementos de la Fiscal\u00eda Edom\u00e9x. La Fiscal\u00eda General de Justicia del Estado de M\u00e9xico (FGJEM) obtuvo sentencia de condena de 90 a\u00f1os de prisi\u00f3n en contra de Alejandro Mart\u00ednez Muci\u00f1o, al acreditarse su intervenci\u00f3n en la comisi\u00f3n de dicho il\u00edcito en [&hellip;]<\/p>\n","protected":false},"author":1,"featured_media":42170,"comment_status":"closed","ping_status":"closed","sticky":false,"template":"","format":"standard","meta":{"footnotes":""},"categories":[30,36,37],"tags":[],"class_list":["post-42169","post","type-post","status-publish","format-standard","has-post-thumbnail","hentry","category-destacado","category-edomex","category-justicia"],"_links":{"self":[{"href":"https:\/\/elinformante.mx\/index.php?rest_route=\/wp\/v2\/posts\/42169","targetHints":{"allow":["GET"]}}],"collection":[{"href":"https:\/\/elinformante.mx\/index.php?rest_route=\/wp\/v2\/posts"}],"about":[{"href":"https:\/\/elinformante.mx\/index.php?rest_route=\/wp\/v2\/types\/post"}],"author":[{"embeddable":true,"href":"https:\/\/elinformante.mx\/index.php?rest_route=\/wp\/v2\/users\/1"}],"replies":[{"embeddable":true,"href":"https:\/\/elinformante.mx\/index.php?rest_route=%2Fwp%2Fv2%2Fcomments&post=42169"}],"version-history":[{"count":0,"href":"https:\/\/elinformante.mx\/index.php?rest_route=\/wp\/v2\/posts\/42169\/revisions"}],"wp:featuredmedia":[{"embeddable":true,"href":"https:\/\/elinformante.mx\/index.php?rest_route=\/wp\/v2\/media\/42170"}],"wp:attachment":[{"href":"https:\/\/elinformante.mx\/index.php?rest_route=%2Fwp%2Fv2%2Fmedia&parent=42169"}],"wp:term":[{"taxonomy":"category","embeddable":true,"href":"https:\/\/elinformante.mx\/index.php?rest_route=%2Fwp%2Fv2%2Fcategories&post=42169"},{"taxonomy":"post_tag","embeddable":true,"href":"https:\/\/elinformante.mx\/index.php?rest_route=%2Fwp%2Fv2%2Ftags&post=42169"}],"curies":[{"name":"wp","href":"https:\/\/api.w.org\/{rel}","templated":true}]}}