{"id":42197,"date":"2023-11-29T05:52:05","date_gmt":"2023-11-29T11:52:05","guid":{"rendered":"https:\/\/elinformante.mx\/?p=42197"},"modified":"2023-12-01T00:48:26","modified_gmt":"2023-12-01T06:48:26","slug":"trabajo-coordinado-con-el-sector-empresarial-transformara-al-edomex-delfina-gomez","status":"publish","type":"post","link":"https:\/\/elinformante.mx\/?p=42197","title":{"rendered":"Trabajo coordinado con el sector empresarial transformar\u00e1 al Edom\u00e9x: Delfina G\u00f3mez"},"content":{"rendered":"\n<blockquote class=\"wp-block-quote is-layout-flow wp-block-quote-is-layout-flow\">\n<p>La Mandataria estatal refrend\u00f3 su respaldo a las y los empresarios mexiquenses.<\/p>\n<\/blockquote>\n\n\n\n<p>La Gobernadora Delfina G\u00f3mez \u00c1lvarez asegur\u00f3 que el proyecto de transformaci\u00f3n del Estado de M\u00e9xico se construir\u00e1 en colaboraci\u00f3n con el sector empresarial, para impulsar una entidad de bienestar y progreso, donde se incentive la inversi\u00f3n e innovaci\u00f3n, sin perder de vista el eje fundamental de la administraci\u00f3n estatal que es velar por el desarrollo de la poblaci\u00f3n mexiquense.<br><\/p>\n\n\n\n<p>En la toma protesta a los integrantes del Consejo Directivo 2023-2024 del Consejo de C\u00e1maras y Asociaciones Empresariales del Estado de M\u00e9xico (CONCAEM), la Maestra Delfina G\u00f3mez sostuvo que el Gobierno estatal ser\u00e1 facilitador para la llegada de inversiones y la creaci\u00f3n de fuentes de empleo bien remuneradas, porque el desarrollo econ\u00f3mico es un elemento de estabilidad y paz social.<br><\/p>\n\n\n\n<p>Aunado a ello, mencion\u00f3 que se trabaja en la consolidaci\u00f3n de la digitalizaci\u00f3n de tr\u00e1mites, para eliminar intermediarios, promover la transparencia, combatir la corrupci\u00f3n y reducir tiempos en los procesos, adem\u00e1s de reforzar la seguridad en el sector y mejorar la infraestructura empresarial y los servicios p\u00fablicos.<br><\/p>\n\n\n\n<p>La Gobernadora Delfina G\u00f3mez invit\u00f3 al empresariado mexiquense a denunciar los actos de corrupci\u00f3n, y les reiter\u00f3 que las puertas de su gobierno est\u00e1n abiertas para escucharlos y trabajar en equipo.<br><\/p>\n\n\n\n<p>Asimismo, reafirm\u00f3 la confianza de la administraci\u00f3n estatal en el sector empresarial como un agente de cambio, y se\u00f1al\u00f3 que el crecimiento econ\u00f3mico no debe dejar de lado la identidad y riqueza cultural de los 125 municipios mexiquenses.<br><\/p>\n\n\n\n<p>Bajo estos principios, la Mandataria estatal dijo que se incentivar\u00e1 la Inversi\u00f3n Extranjera Directa (IED), para aumentar la generaci\u00f3n de empleos e incrementar la captaci\u00f3n de divisas, adem\u00e1s de estimular la competencia y motivar el uso de nuevas tecnolog\u00edas para las exportaciones.<br><\/p>\n\n\n\n<p>La Gobernadora Delfina G\u00f3mez puntualiz\u00f3 que el CONCAEM ser\u00e1 un aliado para el crecimiento econ\u00f3mico de la entidad, as\u00ed como para empoderar y mejorar las condiciones de vida del pueblo mexiquense, por lo que expres\u00f3 su respaldo a este organismo empresarial y deseo el mayor de los \u00e9xitos a la nueva Mesa Directiva.<br><\/p>\n\n\n\n<p>La titular del Ejecutivo estatal destac\u00f3 que para generar condiciones de desarrollo social y econ\u00f3mico se llevan a cabo obras como el Tren Interurbano M\u00e9xico-Toluca \u201cEl Insurgente\u201d, el cual ya opera en su primera etapa; el Tren Suburbano Lecher\u00eda-Aeropuerto Internacional \u201cFelipe \u00c1ngeles\u201d (AIFA); el Troleb\u00fas Chalco-Santa Martha; as\u00ed como la puesta en operaci\u00f3n de la Planta Potabilizadora de Agua Mad\u00edn II, acciones que se llevan a cabo en colaboraci\u00f3n con el Gobierno de M\u00e9xico que encabeza el Presidente Andr\u00e9s Manuel L\u00f3pez Obrador.<br><\/p>\n\n\n\n<p>Agreg\u00f3 que se trabaja tambi\u00e9n en la consolidaci\u00f3n del Corredor Log\u00edstico Industrial Ciudad de M\u00e9xico-Hidalgo-Estado de M\u00e9xico, de Santa Luc\u00eda, que permitir\u00e1 el crecimiento econ\u00f3mico de la regi\u00f3n aleda\u00f1a al AIFA.<br><\/p>\n\n\n\n<p>La Gobernadora delfina G\u00f3mez precis\u00f3 tambi\u00e9n algunas de las ventajas competitivas del Estado de M\u00e9xico, como su ubicaci\u00f3n geogr\u00e1fica estrat\u00e9gica, sus fortalezas en el sector log\u00edstico, y lo m\u00e1s importante el contar con un pueblo que est\u00e1 a la altura para avanzar juntos.<br><\/p>\n\n\n\n<p>Al hacer el uso de la palabra Laura Gonz\u00e1lez Hern\u00e1ndez, Secretar\u00eda de Desarrollo Econ\u00f3mico, se\u00f1al\u00f3 que por instrucciones de la Gobernadora Delfina G\u00f3mez el trabajo con el sector empresarial se realiza de manera cercana, escuchando, atendiendo y resolviendo las necesidades de \u00e9ste, ya que, explic\u00f3 que el 95 por ciento de la econom\u00eda del Estado de M\u00e9xico, se basa en micro peque\u00f1as y medianas empresas, las cuales son el sost\u00e9n de miles de familias.<br><\/p>\n\n\n\n<p>La titular de la Sedeco a\u00f1adi\u00f3 que se trabaja para consolidar el pilar econ\u00f3mico del Plan Estatal de Desarrollo, por lo cual, inform\u00f3 que en pr\u00f3ximos d\u00edas se estar\u00e1 trabajando para que haya una participaci\u00f3n amplia, in\u00e9dita y comprometida del sector empresarial en la construcci\u00f3n de \u00e9ste, a fin de escuchar las voces de todos, colocando al ciudadano al centro de las decisiones y de las pol\u00edticas p\u00fablicas.<br><\/p>\n\n\n\n<p>En su intervenci\u00f3n, Mauricio Massud Mart\u00ednez, Presidente del CONCAEM, se\u00f1al\u00f3 la importancia de la colaboraci\u00f3n que existe entre el Gobierno del Estado de M\u00e9xico y el sector empresarial, por lo que refrendo el compromiso de trabajar para consolidar al Estado de M\u00e9xico como el mejor lugar para invertir, vivir, crecer, generar empleo y poder servir a los mexiquenses.<br><\/p>\n\n\n\n<p>La toma de protesta se llev\u00f3 a cabo en el marco del evento \u201cEncuentro de Negocios: Empresarios Generaci\u00f3n 5.0, la transformaci\u00f3n de la empresa\u201d, que cuenta con paneles de inter\u00e9s para las empresas como: \u201cNearshoring y financiamiento estrat\u00e9gico\u201d; \u201cStorysales\u201d; y \u201cLa Inteligencia artificial y tu empresa\u201d.<\/p>\n","protected":false},"excerpt":{"rendered":"<p>La Mandataria estatal refrend\u00f3 su respaldo a las y los empresarios mexiquenses. La Gobernadora Delfina G\u00f3mez \u00c1lvarez asegur\u00f3 que el proyecto de transformaci\u00f3n del Estado de M\u00e9xico se construir\u00e1 en colaboraci\u00f3n con el sector empresarial, para impulsar una entidad de bienestar y progreso, donde se incentive la inversi\u00f3n e innovaci\u00f3n, sin perder de vista el [&hellip;]<\/p>\n","protected":false},"author":1,"featured_media":42198,"comment_status":"closed","ping_status":"closed","sticky":false,"template":"","format":"standard","meta":{"footnotes":""},"categories":[30,36],"tags":[],"class_list":["post-42197","post","type-post","status-publish","format-standard","has-post-thumbnail","hentry","category-destacado","category-edomex"],"_links":{"self":[{"href":"https:\/\/elinformante.mx\/index.php?rest_route=\/wp\/v2\/posts\/42197","targetHints":{"allow":["GET"]}}],"collection":[{"href":"https:\/\/elinformante.mx\/index.php?rest_route=\/wp\/v2\/posts"}],"about":[{"href":"https:\/\/elinformante.mx\/index.php?rest_route=\/wp\/v2\/types\/post"}],"author":[{"embeddable":true,"href":"https:\/\/elinformante.mx\/index.php?rest_route=\/wp\/v2\/users\/1"}],"replies":[{"embeddable":true,"href":"https:\/\/elinformante.mx\/index.php?rest_route=%2Fwp%2Fv2%2Fcomments&post=42197"}],"version-history":[{"count":0,"href":"https:\/\/elinformante.mx\/index.php?rest_route=\/wp\/v2\/posts\/42197\/revisions"}],"wp:featuredmedia":[{"embeddable":true,"href":"https:\/\/elinformante.mx\/index.php?rest_route=\/wp\/v2\/media\/42198"}],"wp:attachment":[{"href":"https:\/\/elinformante.mx\/index.php?rest_route=%2Fwp%2Fv2%2Fmedia&parent=42197"}],"wp:term":[{"taxonomy":"category","embeddable":true,"href":"https:\/\/elinformante.mx\/index.php?rest_route=%2Fwp%2Fv2%2Fcategories&post=42197"},{"taxonomy":"post_tag","embeddable":true,"href":"https:\/\/elinformante.mx\/index.php?rest_route=%2Fwp%2Fv2%2Ftags&post=42197"}],"curies":[{"name":"wp","href":"https:\/\/api.w.org\/{rel}","templated":true}]}}