{"id":42207,"date":"2023-11-29T05:58:48","date_gmt":"2023-11-29T11:58:48","guid":{"rendered":"https:\/\/elinformante.mx\/?p=42207"},"modified":"2023-12-01T00:48:25","modified_gmt":"2023-12-01T06:48:25","slug":"falta-de-quorum-en-el-congreso-de-la-cdmx-retrasa-la-ratificacion-de-ernestina-godoy","status":"publish","type":"post","link":"https:\/\/elinformante.mx\/?p=42207","title":{"rendered":"Falta de qu\u00f3rum en el Congreso de la CDMX retrasa la ratificaci\u00f3n de Ernestina Godoy"},"content":{"rendered":"\n<blockquote class=\"wp-block-quote is-layout-flow wp-block-quote-is-layout-flow\">\n<p>Gabriela Salido, presidenta de la Mesa Directiva, convoc\u00f3 a una nueva sesi\u00f3n el pr\u00f3ximo 30 de noviembre a las 9:00 de la ma\u00f1ana.<\/p>\n<\/blockquote>\n\n\n\n<p>La ausencia de legisladores en el Congreso capitalino evit\u00f3 que el proceso de ratificaci\u00f3n de la Fiscal General de Justicia de la Ciudad de M\u00e9xico, Ernestina Godoy Ramos, siguiera su curso.<br><\/p>\n\n\n\n<p>Aunque la sesi\u00f3n estaba contemplada a iniciar desde las nueve de la ma\u00f1ana de este martes, la falta de quorum motiv\u00f3 a que alrededor de las 11:00 am, Gabriela Salido, presidenta de la Mesa Directiva, convocara a una nueva sesi\u00f3n el pr\u00f3ximo 30 de noviembre a las 9:00 am.<br><\/p>\n\n\n\n<p>Ante ello, la coordinadora de los diputados locales de Morena, Martha \u00c1vila, denunci\u00f3 que el PAN ha entorpecido, a trav\u00e9s de pr\u00e1cticas dilatorias, el procedimiento de ratificaci\u00f3n, lo cual, dijo, se debe a que Ernestina Godoy se ha metido de lleno con el cartel inmobiliario.<br><\/p>\n\n\n\n<p>Es as\u00ed que, en compa\u00f1\u00eda de los diputados de Morena, hizo un llamado a evitar la suspensi\u00f3n de sesiones y a mantener la legalidad en el proceso.<br><\/p>\n\n\n\n<p>Por su parte, la fracci\u00f3n del PAN en el Congreso local, en voz del diputado An\u00edbal Ca\u00f1ez, rechaz\u00f3 los se\u00f1alamientos de Morena y afirm\u00f3 que son ellos los que han retrasado el proceso.<br><\/p>\n\n\n\n<p>Asimismo, precis\u00f3 que los diputados de oposici\u00f3n se mantendr\u00e1n firmes en el voto en contra. Cabe destacar que, aunque el proceso de ratificaci\u00f3n no se encontraba en el orden del d\u00eda, la diputada Gabriela Salido inform\u00f3 que solicit\u00f3, por segunda vez, un despliegue de seguridad para garantizar que se lleve de forma tranquila el proceso de ratificaci\u00f3n de la titular de la Fiscal\u00eda.<br><\/p>\n\n\n\n<p>\u201cLa Mesa Directiva est\u00e1 lista para la votaci\u00f3n, ya se han pedido las garant\u00edas de seguridad para que se pueda sesionar el martes 28 de noviembre e incluso, como medida precautoria el 30 de noviembre, para que se lleve a cabo el proceso\u201d<br><\/p>\n\n\n\n<p>Lo anterior con el fin de cuidar los plazos que ya est\u00e1n vencidos y dar certeza a la ciudadan\u00eda.<\/p>\n","protected":false},"excerpt":{"rendered":"<p>Gabriela Salido, presidenta de la Mesa Directiva, convoc\u00f3 a una nueva sesi\u00f3n el pr\u00f3ximo 30 de noviembre a las 9:00 de la ma\u00f1ana. La ausencia de legisladores en el Congreso capitalino evit\u00f3 que el proceso de ratificaci\u00f3n de la Fiscal General de Justicia de la Ciudad de M\u00e9xico, Ernestina Godoy Ramos, siguiera su curso. Aunque [&hellip;]<\/p>\n","protected":false},"author":1,"featured_media":42208,"comment_status":"closed","ping_status":"closed","sticky":false,"template":"","format":"standard","meta":{"footnotes":""},"categories":[35],"tags":[],"class_list":["post-42207","post","type-post","status-publish","format-standard","has-post-thumbnail","hentry","category-cdmx"],"_links":{"self":[{"href":"https:\/\/elinformante.mx\/index.php?rest_route=\/wp\/v2\/posts\/42207","targetHints":{"allow":["GET"]}}],"collection":[{"href":"https:\/\/elinformante.mx\/index.php?rest_route=\/wp\/v2\/posts"}],"about":[{"href":"https:\/\/elinformante.mx\/index.php?rest_route=\/wp\/v2\/types\/post"}],"author":[{"embeddable":true,"href":"https:\/\/elinformante.mx\/index.php?rest_route=\/wp\/v2\/users\/1"}],"replies":[{"embeddable":true,"href":"https:\/\/elinformante.mx\/index.php?rest_route=%2Fwp%2Fv2%2Fcomments&post=42207"}],"version-history":[{"count":0,"href":"https:\/\/elinformante.mx\/index.php?rest_route=\/wp\/v2\/posts\/42207\/revisions"}],"wp:featuredmedia":[{"embeddable":true,"href":"https:\/\/elinformante.mx\/index.php?rest_route=\/wp\/v2\/media\/42208"}],"wp:attachment":[{"href":"https:\/\/elinformante.mx\/index.php?rest_route=%2Fwp%2Fv2%2Fmedia&parent=42207"}],"wp:term":[{"taxonomy":"category","embeddable":true,"href":"https:\/\/elinformante.mx\/index.php?rest_route=%2Fwp%2Fv2%2Fcategories&post=42207"},{"taxonomy":"post_tag","embeddable":true,"href":"https:\/\/elinformante.mx\/index.php?rest_route=%2Fwp%2Fv2%2Ftags&post=42207"}],"curies":[{"name":"wp","href":"https:\/\/api.w.org\/{rel}","templated":true}]}}