{"id":42215,"date":"2023-11-29T06:04:14","date_gmt":"2023-11-29T12:04:14","guid":{"rendered":"https:\/\/elinformante.mx\/?p=42215"},"modified":"2023-12-01T00:48:24","modified_gmt":"2023-12-01T06:48:24","slug":"bloquean-ciudadanos-la-costera-miguel-aleman-exigen-ser-censados","status":"publish","type":"post","link":"https:\/\/elinformante.mx\/?p=42215","title":{"rendered":"Bloquean ciudadanos la Costera Miguel Alem\u00e1n; exigen ser censados"},"content":{"rendered":"\n<blockquote class=\"wp-block-quote is-layout-flow wp-block-quote-is-layout-flow\">\n<p>La mayor\u00eda de los afectados no se encontraban en sus domicilios cuando se realizaron los censos, algunos por cuestiones de salud y otros pues estaban en la ciudad de Chilpancingo, resguard\u00e1ndose tras la contingencia.<\/p>\n<\/blockquote>\n\n\n\n<p>Ciudadanos que resultaron afectados a consecuencia del impacto del Hurac\u00e1n Otis, realizaron un bloqueo obstruyendo la avenida Costera Miguel Alem\u00e1n a la altura de la Diana Cazadora.<br><\/p>\n\n\n\n<p>El contingente de aproximadamente 100 personas, arribaron desde las 08:00 de la ma\u00f1ana y comenzaron a bloquear la avenida; para exigir a las autoridades federales ser tomados en cuenta y sean censados, pues, aunque el censo ya se cerr\u00f3 de manera oficial, los afectados no fueron incluidos.<br><\/p>\n\n\n\n<p>Los manifestantes cerraron de manera total la circulaci\u00f3n de la glorieta de la Diana, por lo que autoridades activaron un dispositivo vial cerrando ambos carriles de la Costera Miguel Alem\u00e1n, situaci\u00f3n que gener\u00f3 molestia en transportistas y transe\u00fantes que buscaban llegar a sus destinos.<br><\/p>\n\n\n\n<p>De acuerdo a uno de los afectados, Felipe de Jes\u00fas Loyo Lozano asegur\u00f3 que la mayor\u00eda de los afectados no se encontraban en sus domicilios cuando se realizaron los censos, algunos por cuestiones de salud y otros pues estaban en la ciudad de Chilpancingo, resguard\u00e1ndose tras la contingencia.<br><\/p>\n\n\n\n<p>\u201cMuchos no est\u00e1bamos aqu\u00ed, por cuestiones de salud salimos de la ciudad y cuando regresamos ya hab\u00edan realizado el censo\u201d, coment\u00f3.<br><\/p>\n\n\n\n<p>El grupo de manifestantes exigen la presencia de un representante de la Secretar\u00eda del Bienestar Federal o de las autoridades municipales o estatales, para que sirvan como enlace con los representantes federales encargados del censo.<br><\/p>\n\n\n\n<p>Cabe recordar que de acuerdo a las autoridades federales; el censo ya concluy\u00f3 desde la semana pasada y ser\u00e1 a partir de este mi\u00e9rcoles 29 de noviembre cuando comiencen a dar los apoyos de para la limpieza en Acapulco.<\/p>\n","protected":false},"excerpt":{"rendered":"<p>La mayor\u00eda de los afectados no se encontraban en sus domicilios cuando se realizaron los censos, algunos por cuestiones de salud y otros pues estaban en la ciudad de Chilpancingo, resguard\u00e1ndose tras la contingencia. Ciudadanos que resultaron afectados a consecuencia del impacto del Hurac\u00e1n Otis, realizaron un bloqueo obstruyendo la avenida Costera Miguel Alem\u00e1n a [&hellip;]<\/p>\n","protected":false},"author":1,"featured_media":42216,"comment_status":"closed","ping_status":"closed","sticky":false,"template":"","format":"standard","meta":{"footnotes":""},"categories":[34],"tags":[],"class_list":["post-42215","post","type-post","status-publish","format-standard","has-post-thumbnail","hentry","category-nacional"],"_links":{"self":[{"href":"https:\/\/elinformante.mx\/index.php?rest_route=\/wp\/v2\/posts\/42215","targetHints":{"allow":["GET"]}}],"collection":[{"href":"https:\/\/elinformante.mx\/index.php?rest_route=\/wp\/v2\/posts"}],"about":[{"href":"https:\/\/elinformante.mx\/index.php?rest_route=\/wp\/v2\/types\/post"}],"author":[{"embeddable":true,"href":"https:\/\/elinformante.mx\/index.php?rest_route=\/wp\/v2\/users\/1"}],"replies":[{"embeddable":true,"href":"https:\/\/elinformante.mx\/index.php?rest_route=%2Fwp%2Fv2%2Fcomments&post=42215"}],"version-history":[{"count":0,"href":"https:\/\/elinformante.mx\/index.php?rest_route=\/wp\/v2\/posts\/42215\/revisions"}],"wp:featuredmedia":[{"embeddable":true,"href":"https:\/\/elinformante.mx\/index.php?rest_route=\/wp\/v2\/media\/42216"}],"wp:attachment":[{"href":"https:\/\/elinformante.mx\/index.php?rest_route=%2Fwp%2Fv2%2Fmedia&parent=42215"}],"wp:term":[{"taxonomy":"category","embeddable":true,"href":"https:\/\/elinformante.mx\/index.php?rest_route=%2Fwp%2Fv2%2Fcategories&post=42215"},{"taxonomy":"post_tag","embeddable":true,"href":"https:\/\/elinformante.mx\/index.php?rest_route=%2Fwp%2Fv2%2Ftags&post=42215"}],"curies":[{"name":"wp","href":"https:\/\/api.w.org\/{rel}","templated":true}]}}