{"id":42238,"date":"2023-11-29T06:17:55","date_gmt":"2023-11-29T12:17:55","guid":{"rendered":"https:\/\/elinformante.mx\/?p=42238"},"modified":"2023-12-01T00:48:23","modified_gmt":"2023-12-01T06:48:23","slug":"sube-el-riesgo-de-enfermedades-respiratorias-en-esta-temporada-en-mexico","status":"publish","type":"post","link":"https:\/\/elinformante.mx\/?p=42238","title":{"rendered":"Sube el riesgo de enfermedades respiratorias en esta temporada en M\u00e9xico"},"content":{"rendered":"\n<blockquote class=\"wp-block-quote is-layout-flow wp-block-quote-is-layout-flow\">\n<p>Hacen un llamado para tomar las medidas preventivas y as\u00ed evitar la incidencia de estos trastornos en M\u00e9xico.<\/p>\n<\/blockquote>\n\n\n\n<p>Durante la \u00e9poca invernal, el riesgo de adquirir enfermedades respiratorias, tanto en las v\u00edas altas como en las bajas, experimenta un aumento del 30 %, por lo que expertos instaron a tomar medidas preventivas para evitar la incidencia de estos trastornos en M\u00e9xico.<br><\/p>\n\n\n\n<p>En rueda de prensa, el especialista en neumolog\u00eda, Jos\u00e9 Luis Sandoval, se\u00f1al\u00f3 que anualmente en M\u00e9xico se registran aproximadamente 23 millones de infecciones respiratorias, de las cuales 11 millones son agudas y, entre estas, se contabilizan de 20 mil a 70 mil casos de neumon\u00eda y bronconeumon\u00edas.<br><\/p>\n\n\n\n<p>El especialista dio a conocer cu\u00e1les son los virus que causan estas enfermedades: \u201cActualmente, los virus m\u00e1s prevalentes que provocan estas enfermedades son la influenza, el virus sincicial respiratorio (VSR) y el SARS-CoV-2, son agentes que tienen una capacidad de reproducci\u00f3n incrementada en noviembre, diciembre, enero y febrero\u201d, indic\u00f3 el especialista.<br><\/p>\n\n\n\n<p>Detall\u00f3 que durante la temporada fr\u00eda, se incrementa la demanda de consultas en los servicios de salud debido a estos padecimientos, especialmente en ni\u00f1os y personas mayores de 65 a\u00f1os, as\u00ed como en aquellos con enfermedades cr\u00f3nicas.<br><\/p>\n\n\n\n<p>Francisco Javier Saynes, otorrinolaring\u00f3logo y cirujano de cabeza y cuello, dijo que anualmente la infecci\u00f3n respiratoria aguda, que es responsable de enfermedades como la influenza, la neumon\u00eda y la bronquiolitis, provoca cerca de 2 millones de muertes en M\u00e9xico, por lo que es importante reconocer el agente causante para dar el tratamiento adecuado.<\/p>\n","protected":false},"excerpt":{"rendered":"<p>Hacen un llamado para tomar las medidas preventivas y as\u00ed evitar la incidencia de estos trastornos en M\u00e9xico. Durante la \u00e9poca invernal, el riesgo de adquirir enfermedades respiratorias, tanto en las v\u00edas altas como en las bajas, experimenta un aumento del 30 %, por lo que expertos instaron a tomar medidas preventivas para evitar la [&hellip;]<\/p>\n","protected":false},"author":1,"featured_media":42239,"comment_status":"closed","ping_status":"closed","sticky":false,"template":"","format":"standard","meta":{"footnotes":""},"categories":[30,31],"tags":[],"class_list":["post-42238","post","type-post","status-publish","format-standard","has-post-thumbnail","hentry","category-destacado","category-portada"],"_links":{"self":[{"href":"https:\/\/elinformante.mx\/index.php?rest_route=\/wp\/v2\/posts\/42238","targetHints":{"allow":["GET"]}}],"collection":[{"href":"https:\/\/elinformante.mx\/index.php?rest_route=\/wp\/v2\/posts"}],"about":[{"href":"https:\/\/elinformante.mx\/index.php?rest_route=\/wp\/v2\/types\/post"}],"author":[{"embeddable":true,"href":"https:\/\/elinformante.mx\/index.php?rest_route=\/wp\/v2\/users\/1"}],"replies":[{"embeddable":true,"href":"https:\/\/elinformante.mx\/index.php?rest_route=%2Fwp%2Fv2%2Fcomments&post=42238"}],"version-history":[{"count":0,"href":"https:\/\/elinformante.mx\/index.php?rest_route=\/wp\/v2\/posts\/42238\/revisions"}],"wp:featuredmedia":[{"embeddable":true,"href":"https:\/\/elinformante.mx\/index.php?rest_route=\/wp\/v2\/media\/42239"}],"wp:attachment":[{"href":"https:\/\/elinformante.mx\/index.php?rest_route=%2Fwp%2Fv2%2Fmedia&parent=42238"}],"wp:term":[{"taxonomy":"category","embeddable":true,"href":"https:\/\/elinformante.mx\/index.php?rest_route=%2Fwp%2Fv2%2Fcategories&post=42238"},{"taxonomy":"post_tag","embeddable":true,"href":"https:\/\/elinformante.mx\/index.php?rest_route=%2Fwp%2Fv2%2Ftags&post=42238"}],"curies":[{"name":"wp","href":"https:\/\/api.w.org\/{rel}","templated":true}]}}