{"id":42241,"date":"2023-11-29T06:20:36","date_gmt":"2023-11-29T12:20:36","guid":{"rendered":"https:\/\/elinformante.mx\/?p=42241"},"modified":"2023-12-01T00:48:22","modified_gmt":"2023-12-01T06:48:22","slug":"gobierno-no-hace-persecucion-politica-asegura-delfina-gomez","status":"publish","type":"post","link":"https:\/\/elinformante.mx\/?p=42241","title":{"rendered":"Gobierno no hace persecuci\u00f3n pol\u00edtica, asegura Delfina G\u00f3mez"},"content":{"rendered":"\n<blockquote class=\"wp-block-quote is-layout-flow wp-block-quote-is-layout-flow\">\n<p>\u201cNo es injusticia, ni querer hacer, a lo mejor una situaci\u00f3n que se puede convertir en algo pol\u00edtico\u201d, apunt\u00f3 respecto al caso del presidente municipal de Toluca.<\/p>\n<\/blockquote>\n\n\n\n<p>La gobernadora del Estado de M\u00e9xico, Delfina G\u00f3mez \u00c1lvarez asegur\u00f3 que no habr\u00e1 una persecuci\u00f3n pol\u00edtica en contra del presidente municipal de Toluca, Raymundo \u201cN\u201d, a quien la Fiscal\u00eda General de Justicia mexiquense (FGJEM) lo busca por su presunta responsabilidad en el delito de secuestro expr\u00e9s.<br><\/p>\n\n\n\n<p>G\u00f3mez \u00c1lvarez se\u00f1al\u00f3 que el objetivo es que est\u00e9n seguros los ciudadanos, aplicar la ley conforme a derecho, sobre todo mantener en paz al municipio, por lo que rechaz\u00f3 que haya una doble intenci\u00f3n con el caso que ocupa al presidente municipal toluque\u00f1o desde el viernes pasado, cuando la Fiscal\u00eda de Justicia inform\u00f3 sobre la ejecuci\u00f3n de una orden de aprehensi\u00f3n en su contra por el delito de secuestro expr\u00e9s.<br><\/p>\n\n\n\n<figure class=\"wp-block-image size-large\"><img fetchpriority=\"high\" decoding=\"async\" width=\"1024\" height=\"503\" src=\"https:\/\/elinformante.mx\/wp-content\/uploads\/2023\/11\/GOBIERNO-NO-3-1024x503.jpg\" alt=\"\" class=\"wp-image-42243\" srcset=\"https:\/\/elinformante.mx\/wp-content\/uploads\/2023\/11\/GOBIERNO-NO-3-1024x503.jpg 1024w, https:\/\/elinformante.mx\/wp-content\/uploads\/2023\/11\/GOBIERNO-NO-3-300x147.jpg 300w, https:\/\/elinformante.mx\/wp-content\/uploads\/2023\/11\/GOBIERNO-NO-3-768x377.jpg 768w, https:\/\/elinformante.mx\/wp-content\/uploads\/2023\/11\/GOBIERNO-NO-3-580x285.jpg 580w, https:\/\/elinformante.mx\/wp-content\/uploads\/2023\/11\/GOBIERNO-NO-3-860x422.jpg 860w, https:\/\/elinformante.mx\/wp-content\/uploads\/2023\/11\/GOBIERNO-NO-3.jpg 1140w\" sizes=\"(max-width: 1024px) 100vw, 1024px\" \/><\/figure>\n\n\n\n<p>La gobernadora agreg\u00f3 que, por el momento, no puede abundar m\u00e1s en el tema por respeto al debido proceso, aunque aclar\u00f3 que la intenci\u00f3n es que est\u00e9n seguros los ciudadanos.<br><\/p>\n\n\n\n<p>\u201cNo es injusticia, ni querer hacer, a lo mejor una situaci\u00f3n que se puede convertir en algo pol\u00edtico\u201d, apunt\u00f3,<br><\/p>\n\n\n\n<figure class=\"wp-block-image size-large\"><img decoding=\"async\" width=\"1024\" height=\"503\" src=\"https:\/\/elinformante.mx\/wp-content\/uploads\/2023\/11\/GOBIERNO-NO-4-1024x503.jpg\" alt=\"\" class=\"wp-image-42244\" srcset=\"https:\/\/elinformante.mx\/wp-content\/uploads\/2023\/11\/GOBIERNO-NO-4-1024x503.jpg 1024w, https:\/\/elinformante.mx\/wp-content\/uploads\/2023\/11\/GOBIERNO-NO-4-300x147.jpg 300w, https:\/\/elinformante.mx\/wp-content\/uploads\/2023\/11\/GOBIERNO-NO-4-768x377.jpg 768w, https:\/\/elinformante.mx\/wp-content\/uploads\/2023\/11\/GOBIERNO-NO-4-580x285.jpg 580w, https:\/\/elinformante.mx\/wp-content\/uploads\/2023\/11\/GOBIERNO-NO-4-860x422.jpg 860w, https:\/\/elinformante.mx\/wp-content\/uploads\/2023\/11\/GOBIERNO-NO-4.jpg 1140w\" sizes=\"(max-width: 1024px) 100vw, 1024px\" \/><\/figure>\n\n\n\n<p>El viernes pasado, la FGJEM inform\u00f3 que llev\u00f3 a cabo un operativo y despliegue acompa\u00f1ado por la Secretar\u00eda de Seguridad estatal, adem\u00e1s de la Guardia Nacional con la finalidad de dar con el paradero del presidente municipal de Toluca, derivado de la ejecuci\u00f3n de una orden de aprehensi\u00f3n por el delito de secuestro expr\u00e9s.<br><\/p>\n\n\n\n<p>Si bien la vigilancia se mantiene en las inmediaciones del domicilio y la presidencia municipal de Toluca, se desconoce el paradero del alcalde, sin embargo, se mantienen bajo la normalidad las funciones en el gobierno local en todas las \u00e1reas.<\/p>\n\n\n\n<figure class=\"wp-block-image size-large\"><img decoding=\"async\" width=\"1024\" height=\"503\" src=\"https:\/\/elinformante.mx\/wp-content\/uploads\/2023\/11\/GOBIERNO-NO-1024x503.jpg\" alt=\"\" class=\"wp-image-42245\" srcset=\"https:\/\/elinformante.mx\/wp-content\/uploads\/2023\/11\/GOBIERNO-NO-1024x503.jpg 1024w, https:\/\/elinformante.mx\/wp-content\/uploads\/2023\/11\/GOBIERNO-NO-300x147.jpg 300w, https:\/\/elinformante.mx\/wp-content\/uploads\/2023\/11\/GOBIERNO-NO-768x377.jpg 768w, https:\/\/elinformante.mx\/wp-content\/uploads\/2023\/11\/GOBIERNO-NO-580x285.jpg 580w, https:\/\/elinformante.mx\/wp-content\/uploads\/2023\/11\/GOBIERNO-NO-860x422.jpg 860w, https:\/\/elinformante.mx\/wp-content\/uploads\/2023\/11\/GOBIERNO-NO.jpg 1140w\" sizes=\"(max-width: 1024px) 100vw, 1024px\" \/><\/figure>\n","protected":false},"excerpt":{"rendered":"<p>\u201cNo es injusticia, ni querer hacer, a lo mejor una situaci\u00f3n que se puede convertir en algo pol\u00edtico\u201d, apunt\u00f3 respecto al caso del presidente municipal de Toluca. La gobernadora del Estado de M\u00e9xico, Delfina G\u00f3mez \u00c1lvarez asegur\u00f3 que no habr\u00e1 una persecuci\u00f3n pol\u00edtica en contra del presidente municipal de Toluca, Raymundo \u201cN\u201d, a quien la [&hellip;]<\/p>\n","protected":false},"author":1,"featured_media":42242,"comment_status":"closed","ping_status":"closed","sticky":false,"template":"","format":"standard","meta":{"footnotes":""},"categories":[30,31],"tags":[],"class_list":["post-42241","post","type-post","status-publish","format-standard","has-post-thumbnail","hentry","category-destacado","category-portada"],"_links":{"self":[{"href":"https:\/\/elinformante.mx\/index.php?rest_route=\/wp\/v2\/posts\/42241","targetHints":{"allow":["GET"]}}],"collection":[{"href":"https:\/\/elinformante.mx\/index.php?rest_route=\/wp\/v2\/posts"}],"about":[{"href":"https:\/\/elinformante.mx\/index.php?rest_route=\/wp\/v2\/types\/post"}],"author":[{"embeddable":true,"href":"https:\/\/elinformante.mx\/index.php?rest_route=\/wp\/v2\/users\/1"}],"replies":[{"embeddable":true,"href":"https:\/\/elinformante.mx\/index.php?rest_route=%2Fwp%2Fv2%2Fcomments&post=42241"}],"version-history":[{"count":0,"href":"https:\/\/elinformante.mx\/index.php?rest_route=\/wp\/v2\/posts\/42241\/revisions"}],"wp:featuredmedia":[{"embeddable":true,"href":"https:\/\/elinformante.mx\/index.php?rest_route=\/wp\/v2\/media\/42242"}],"wp:attachment":[{"href":"https:\/\/elinformante.mx\/index.php?rest_route=%2Fwp%2Fv2%2Fmedia&parent=42241"}],"wp:term":[{"taxonomy":"category","embeddable":true,"href":"https:\/\/elinformante.mx\/index.php?rest_route=%2Fwp%2Fv2%2Fcategories&post=42241"},{"taxonomy":"post_tag","embeddable":true,"href":"https:\/\/elinformante.mx\/index.php?rest_route=%2Fwp%2Fv2%2Ftags&post=42241"}],"curies":[{"name":"wp","href":"https:\/\/api.w.org\/{rel}","templated":true}]}}