{"id":42247,"date":"2023-11-29T06:27:26","date_gmt":"2023-11-29T12:27:26","guid":{"rendered":"https:\/\/elinformante.mx\/?p=42247"},"modified":"2023-12-01T00:48:22","modified_gmt":"2023-12-01T06:48:22","slug":"alarma-a-organizaciones-la-crisis-de-derechos-humanos-en-mexico","status":"publish","type":"post","link":"https:\/\/elinformante.mx\/?p=42247","title":{"rendered":"ALARMA A ORGANIZACIONES LA CRISIS DE DERECHOS HUMANOS EN M\u00c9XICO"},"content":{"rendered":"\n<blockquote class=\"wp-block-quote is-layout-flow wp-block-quote-is-layout-flow\">\n<p>Organizaciones se\u00f1alan que durante la actual administraci\u00f3n se ha incrementado la estrategia de militarizaci\u00f3n de la seguridad p\u00fablica, apunta un reporte de m\u00e1s de 300 organizaciones.<\/p>\n<\/blockquote>\n\n\n\n<p>M\u00e1s de 300 organizaciones nacionales e internacionales emitieron este martes 18 informes con recomendaciones para revertir la \u201calarmante crisis en materia de derechos humanos\u201d en M\u00e9xico que \u201cse ha profundizado\u201d desde 2018, cuando asumi\u00f3 el presidente Andr\u00e9s Manuel L\u00f3pez Obrador.<br><\/p>\n\n\n\n<p>Las organizaciones civiles, que conforman el Colectivo EPUMX, presentaron estas recomendaciones de cara al cuarto examen peri\u00f3dico universal (EPU) de M\u00e9xico ante el Consejo de Derechos Humanos de las Naciones Unidas (ONU).<br><\/p>\n\n\n\n<figure class=\"wp-block-image size-large\"><img fetchpriority=\"high\" decoding=\"async\" width=\"1024\" height=\"503\" src=\"https:\/\/elinformante.mx\/wp-content\/uploads\/2023\/11\/alarma-2-1024x503.jpg\" alt=\"\" class=\"wp-image-42249\" srcset=\"https:\/\/elinformante.mx\/wp-content\/uploads\/2023\/11\/alarma-2-1024x503.jpg 1024w, https:\/\/elinformante.mx\/wp-content\/uploads\/2023\/11\/alarma-2-300x147.jpg 300w, https:\/\/elinformante.mx\/wp-content\/uploads\/2023\/11\/alarma-2-768x377.jpg 768w, https:\/\/elinformante.mx\/wp-content\/uploads\/2023\/11\/alarma-2-580x285.jpg 580w, https:\/\/elinformante.mx\/wp-content\/uploads\/2023\/11\/alarma-2-860x422.jpg 860w, https:\/\/elinformante.mx\/wp-content\/uploads\/2023\/11\/alarma-2.jpg 1140w\" sizes=\"(max-width: 1024px) 100vw, 1024px\" \/><\/figure>\n\n\n\n<p>\u201cDesde hace d\u00e9cadas, M\u00e9xico enfrenta una alarmante crisis en materia de derechos humanos que, lejos de atenuarse, se ha profundizado, particularmente desde el tercer ciclo del EPU, efectuado en noviembre de 2018, periodo que coincide con un cambio en la Administraci\u00f3n federal\u201d, destaca el reporte general.<br><\/p>\n\n\n\n<p>Los informes tem\u00e1ticos buscan revelar la situaci\u00f3n que aqueja a distintos sectores, como la violencia contra defensores de derechos humanos y periodistas, las mujeres, la migraci\u00f3n, el desplazamiento y desapariciones forzadas, la militarizaci\u00f3n, pueblos ind\u00edgenas, y la comunidad LGBTI+.<br><\/p>\n\n\n\n<figure class=\"wp-block-image size-large\"><img decoding=\"async\" width=\"1024\" height=\"503\" src=\"https:\/\/elinformante.mx\/wp-content\/uploads\/2023\/11\/alarma-4-1024x503.jpg\" alt=\"\" class=\"wp-image-42250\" srcset=\"https:\/\/elinformante.mx\/wp-content\/uploads\/2023\/11\/alarma-4-1024x503.jpg 1024w, https:\/\/elinformante.mx\/wp-content\/uploads\/2023\/11\/alarma-4-300x147.jpg 300w, https:\/\/elinformante.mx\/wp-content\/uploads\/2023\/11\/alarma-4-768x377.jpg 768w, https:\/\/elinformante.mx\/wp-content\/uploads\/2023\/11\/alarma-4-580x285.jpg 580w, https:\/\/elinformante.mx\/wp-content\/uploads\/2023\/11\/alarma-4-860x422.jpg 860w, https:\/\/elinformante.mx\/wp-content\/uploads\/2023\/11\/alarma-4.jpg 1140w\" sizes=\"(max-width: 1024px) 100vw, 1024px\" \/><\/figure>\n\n\n\n<p>Tambi\u00e9n exponen la situaci\u00f3n de personas privadas de la libertad, con discapacidad, la tortura, el seguimiento a recomendaciones internacionales, el sistema penal e impunidad, la ni\u00f1ez, adolescencias y juventudes, la protesta social, y poblaci\u00f3n afromexicana.<br><\/p>\n\n\n\n<p>\u201cConsideramos que es una oportunidad para analizar la situaci\u00f3n de derechos humanos en cada pa\u00eds y emitir recomendaciones que puedan revertir la situaci\u00f3n que actualmente persiste\u201d, indic\u00f3 Mario Hurtado de Espacio OSC.<br><\/p>\n\n\n\n<figure class=\"wp-block-image size-large\"><img decoding=\"async\" width=\"1024\" height=\"503\" src=\"https:\/\/elinformante.mx\/wp-content\/uploads\/2023\/11\/alarma-5-1024x503.jpg\" alt=\"\" class=\"wp-image-42251\" srcset=\"https:\/\/elinformante.mx\/wp-content\/uploads\/2023\/11\/alarma-5-1024x503.jpg 1024w, https:\/\/elinformante.mx\/wp-content\/uploads\/2023\/11\/alarma-5-300x147.jpg 300w, https:\/\/elinformante.mx\/wp-content\/uploads\/2023\/11\/alarma-5-768x377.jpg 768w, https:\/\/elinformante.mx\/wp-content\/uploads\/2023\/11\/alarma-5-580x285.jpg 580w, https:\/\/elinformante.mx\/wp-content\/uploads\/2023\/11\/alarma-5-860x422.jpg 860w, https:\/\/elinformante.mx\/wp-content\/uploads\/2023\/11\/alarma-5.jpg 1140w\" sizes=\"(max-width: 1024px) 100vw, 1024px\" \/><\/figure>\n\n\n\n<p>Contrast\u00f3 que, pese a los esfuerzos, las violaciones a derechos humanos persisten y las pol\u00edticas p\u00fablicas que ha adoptado el Gobierno mexicano han sido insuficientes, por lo que \u201clastimosamente, muchas de esas problem\u00e1ticas (de derechos humanos) no se han logrado revertir\u201d.<br><\/p>\n\n\n\n<p>Ang\u00e9lica de Anda, de Amnist\u00eda Internacional, enfatiz\u00f3 que M\u00e9xico \u201cest\u00e1 enfrentando una crisis alarmante en materia de derechos humanos caracterizada por factores estructurales e hist\u00f3ricos como la desigualdad, la corrupci\u00f3n y la impunidad la violencia y el cierre del espacio c\u00edvico\u201d.<br><\/p>\n\n\n\n<figure class=\"wp-block-image size-large\"><img loading=\"lazy\" decoding=\"async\" width=\"1024\" height=\"503\" src=\"https:\/\/elinformante.mx\/wp-content\/uploads\/2023\/11\/alarma-6-1024x503.jpg\" alt=\"\" class=\"wp-image-42252\" srcset=\"https:\/\/elinformante.mx\/wp-content\/uploads\/2023\/11\/alarma-6-1024x503.jpg 1024w, https:\/\/elinformante.mx\/wp-content\/uploads\/2023\/11\/alarma-6-300x147.jpg 300w, https:\/\/elinformante.mx\/wp-content\/uploads\/2023\/11\/alarma-6-768x377.jpg 768w, https:\/\/elinformante.mx\/wp-content\/uploads\/2023\/11\/alarma-6-580x285.jpg 580w, https:\/\/elinformante.mx\/wp-content\/uploads\/2023\/11\/alarma-6-860x422.jpg 860w, https:\/\/elinformante.mx\/wp-content\/uploads\/2023\/11\/alarma-6.jpg 1140w\" sizes=\"(max-width: 1024px) 100vw, 1024px\" \/><\/figure>\n\n\n\n<p>La activista detall\u00f3 que en los \u00faltimos cinco a\u00f1os, en el mandato de L\u00f3pez Obrador, se ha incrementado la estrategia de militarizaci\u00f3n de la seguridad p\u00fablica y las tareas de las Fuerzas Armadas en asuntos civiles, sin que se reduzcan las grandes cifras de homicidios ni las acusaciones contra los cuerpos castrenses.<br><\/p>\n\n\n\n<p>\u201cEsto ha implicado tambi\u00e9n un aumento del 163 % de los recursos presupuestales (de las Fuerzas Armadas) en un contexto donde tristemente estas instancias contin\u00faan siendo opacas, no rinden cuentas, utilizan el fuero militar para investigar violaciones a derechos humanos\u201d, abund\u00f3.<br><\/p>\n\n\n\n<figure class=\"wp-block-image size-large\"><img loading=\"lazy\" decoding=\"async\" width=\"1024\" height=\"503\" src=\"https:\/\/elinformante.mx\/wp-content\/uploads\/2023\/11\/alarma-1024x503.jpg\" alt=\"\" class=\"wp-image-42253\" srcset=\"https:\/\/elinformante.mx\/wp-content\/uploads\/2023\/11\/alarma-1024x503.jpg 1024w, https:\/\/elinformante.mx\/wp-content\/uploads\/2023\/11\/alarma-300x147.jpg 300w, https:\/\/elinformante.mx\/wp-content\/uploads\/2023\/11\/alarma-768x377.jpg 768w, https:\/\/elinformante.mx\/wp-content\/uploads\/2023\/11\/alarma-580x285.jpg 580w, https:\/\/elinformante.mx\/wp-content\/uploads\/2023\/11\/alarma-860x422.jpg 860w, https:\/\/elinformante.mx\/wp-content\/uploads\/2023\/11\/alarma.jpg 1140w\" sizes=\"(max-width: 1024px) 100vw, 1024px\" \/><\/figure>\n\n\n\n<p>Adem\u00e1s, detall\u00f3 que la situaci\u00f3n de violencia generalizada en M\u00e9xico se agrava en zonas del pa\u00eds, as\u00ed como los niveles de corrupci\u00f3n y colusi\u00f3n que propician la impunidad.<br><\/p>\n\n\n\n<p>Por ello, el informe general, que se presentar\u00e1 para la cuarta EPU, plantea al Consejo de Derechos Humanos de la ONU, que iniciar\u00e1 su evaluaci\u00f3n en enero de 2024, que considere en su balance la persistencia y agudizaci\u00f3n de algunas de las cuestiones abordadas en las recomendaciones de los 18 informes elaborados por EPUMX.<br><\/p>\n\n\n\n<p>En el tercer EPU, de 2018, se emitieron 264 recomendaciones, de las que M\u00e9xico acept\u00f3 262, aunque muchas quedan pendientes y se sumar\u00e1n m\u00e1s, sostuvieron.<\/p>\n","protected":false},"excerpt":{"rendered":"<p>Organizaciones se\u00f1alan que durante la actual administraci\u00f3n se ha incrementado la estrategia de militarizaci\u00f3n de la seguridad p\u00fablica, apunta un reporte de m\u00e1s de 300 organizaciones. M\u00e1s de 300 organizaciones nacionales e internacionales emitieron este martes 18 informes con recomendaciones para revertir la \u201calarmante crisis en materia de derechos humanos\u201d en M\u00e9xico que \u201cse ha [&hellip;]<\/p>\n","protected":false},"author":1,"featured_media":42248,"comment_status":"closed","ping_status":"closed","sticky":false,"template":"","format":"standard","meta":{"footnotes":""},"categories":[30,31],"tags":[],"class_list":["post-42247","post","type-post","status-publish","format-standard","has-post-thumbnail","hentry","category-destacado","category-portada"],"_links":{"self":[{"href":"https:\/\/elinformante.mx\/index.php?rest_route=\/wp\/v2\/posts\/42247","targetHints":{"allow":["GET"]}}],"collection":[{"href":"https:\/\/elinformante.mx\/index.php?rest_route=\/wp\/v2\/posts"}],"about":[{"href":"https:\/\/elinformante.mx\/index.php?rest_route=\/wp\/v2\/types\/post"}],"author":[{"embeddable":true,"href":"https:\/\/elinformante.mx\/index.php?rest_route=\/wp\/v2\/users\/1"}],"replies":[{"embeddable":true,"href":"https:\/\/elinformante.mx\/index.php?rest_route=%2Fwp%2Fv2%2Fcomments&post=42247"}],"version-history":[{"count":0,"href":"https:\/\/elinformante.mx\/index.php?rest_route=\/wp\/v2\/posts\/42247\/revisions"}],"wp:featuredmedia":[{"embeddable":true,"href":"https:\/\/elinformante.mx\/index.php?rest_route=\/wp\/v2\/media\/42248"}],"wp:attachment":[{"href":"https:\/\/elinformante.mx\/index.php?rest_route=%2Fwp%2Fv2%2Fmedia&parent=42247"}],"wp:term":[{"taxonomy":"category","embeddable":true,"href":"https:\/\/elinformante.mx\/index.php?rest_route=%2Fwp%2Fv2%2Fcategories&post=42247"},{"taxonomy":"post_tag","embeddable":true,"href":"https:\/\/elinformante.mx\/index.php?rest_route=%2Fwp%2Fv2%2Ftags&post=42247"}],"curies":[{"name":"wp","href":"https:\/\/api.w.org\/{rel}","templated":true}]}}